{"id":54578,"date":"2026-01-30T07:12:09","date_gmt":"2026-01-30T07:12:09","guid":{"rendered":"https:\/\/haberbesiktas.tr\/?p=54578"},"modified":"2026-01-30T07:12:09","modified_gmt":"2026-01-30T07:12:09","slug":"guardiolanin-filistin-sozleri-dunyayi-ayaga-kaldirdi","status":"publish","type":"post","link":"https:\/\/haberbesiktas.tr\/?p=54578","title":{"rendered":"Guardiola&#8217;n\u0131n Filistin s\u00f6zleri d\u00fcnyay\u0131 aya\u011fa kald\u0131rd\u0131!"},"content":{"rendered":"<div>Manchester City&#8217;nin Katalan menajeri Pep Guardiola, Barselona&#8217;da Filistin i\u00e7in d\u00fczenlenen yard\u0131m kampanyas\u0131nda yapt\u0131\u011f\u0131 konu\u015fmayla t\u00fcm d\u00fcnyada man\u015fetlere \u00e7\u0131kt\u0131.<\/p>\n<p> Guardiola, Katalonya&#8217;da me\u015fhur olan 30 sanatkarla birlikte Palau Sant Jordi&#8217;de d\u00fczenlenen &#8216;Act x Palestine&#8217; yard\u0131m etkinli\u011finde sahneye \u00e7\u0131kt\u0131. Siyah beyaz Filistin kefiyesi takan Guardiola, Gazze&#8217;deki sava\u015fta ebeveynlerini kaybeden \u00e7ocuklar i\u00e7in bir konu\u015fma yapt\u0131.<\/p>\n<p> <strong>\u0130\u015fte Guardiola&#8217;n\u0131n Filistin i\u00e7in yapt\u0131\u011f\u0131 konu\u015fman\u0131n tam metni:<\/strong> <\/p>\n<p> &#8220;\u0130yi ak\u015famlar! Selam\u00fcn aleyk\u00fcm! Son iki y\u0131ld\u0131r toplumsal medyada ve televizyonda g\u00f6rd\u00fc\u011f\u00fcm, kendini sinemaya alan ve annesinin nerede oldu\u011funu soran bir \u00e7ocuk g\u00f6rd\u00fc\u011f\u00fcmde -annesi enkaz alt\u0131nda g\u00f6m\u00fcl\u00fc oldu\u011fu halde o bunu \u015fimdi bilmiyor- daima \u015funu d\u00fc\u015f\u00fcn\u00fcyorum: Sanki o ne d\u00fc\u015f\u00fcn\u00fcyor?<\/p>\n<p> Onlar\u0131 yaln\u0131z b\u0131rakt\u0131\u011f\u0131m\u0131z\u0131, terk etti\u011fimizi, ihmal etti\u011fimizi hissediyorum. Her vakit onun &#8220;Neredesiniz? Gelin ve bize yard\u0131m edin&#8221; dedi\u011fini hayal ediyorum. Ve \u015fimdiye kadar bunu yapmad\u0131k. Tahminen de iktidardakiler korkak olduklar\u0131 i\u00e7in, zira temelde g\u00fcnahs\u0131z gen\u00e7leri saf insanlar\u0131 \u00f6ld\u00fcrmeye g\u00f6nderiyorlar.<\/p>\n<p> Korkaklar bu t\u00fcrl\u00fc yapar. Zira onlar konutlar\u0131nda, so\u011fukta \u0131s\u0131tma, s\u0131cakta klima ile ya\u015f\u0131yorlar. Bir ad\u0131m \u00f6ne \u00e7\u0131kmal\u0131y\u0131z. Yaln\u0131zca orada olmak bile \u00e7ok \u015fey s\u00f6z ediyor, \u00e7ok lakin \u00e7ok \u015fey. Bombalar\u0131n yol a\u00e7t\u0131\u011f\u0131 ve yol a\u00e7mak istedi\u011fi \u015fey sessizlik ve bizim \u00f6teki istikamete bakmam\u0131z.<\/p>\n<p> Tek gayeleri bu, bizim bir ad\u0131m \u00f6ne \u00e7\u0131kmamam\u0131z. Ve biz buna direnmeliyiz. \u00d6b\u00fcr istikamete bakmamal\u0131y\u0131z; dahil olmal\u0131 ve kat\u0131lmal\u0131y\u0131z.<\/p>\n<p> D\u00fcnyan\u0131n \u00f6n\u00fcnde durarak, do\u011fal olarak zay\u0131f olanlar\u0131n, bu durumda Filistin&#8217;in yan\u0131nda oldu\u011fumuzu g\u00f6steriyoruz lakin yaln\u0131zca Filistin&#8217;in de\u011fil, t\u00fcm davalar\u0131n. Bu Filistin i\u00e7in bir bildiri ve insanl\u0131k i\u00e7in bir bildiri.&#8221;<\/p>\n<blockquote class=\"twitter-tweet\" data-width=\"500\" data-dnt=\"true\">\n<p lang=\"tr\" dir=\"ltr\">\ud83c\uddf5\ud83c\uddf8Pep Guardiola: &quot;\u0130yi ak\u015famlar. Selam Aleyk\u00fcm. Enkaz\u0131n aras\u0131nda &#39;Annem nerede?&#39; diye yalvaran (Gazzeli) bir \u00e7ocuk g\u00f6rd\u00fcm ve ne oldu\u011funu bilmiyor. \u00c7ocuklar ne d\u00fc\u015f\u00fcn\u00fcyor olmal\u0131? Onlar\u0131 yaln\u0131z b\u0131rakt\u0131k. Hep onlar\u0131n &#39;Neredesiniz? Gelin bize yard\u0131m edin.&#39; dediklerini hayal ediyorum.&quot; <a href=\"https:\/\/t.co\/2fJ4S0sxez\" rel=\"nofollow\">pic.twitter.com\/2fJ4S0sxez<\/a><\/p>\n<p>&mdash; Sporx Ekstra (@sporxekstra_) <a href=\"https:\/\/twitter.com\/sporxekstra_\/status\/2017008955835187452?ref_src=twsrc%5Etfw\" rel=\"nofollow noopener\" target=\"_blank\">January 29, 2026<\/a><\/p><\/blockquote>\n<p><script async src=\"https:\/\/platform.twitter.com\/widgets.js\" charset=\"utf-8\"><\/script><\/p>\n<\/p><\/div>\n","protected":false},"excerpt":{"rendered":"<p>D\u00fcnyaca \u00fcnl\u00fc teknik y\u00f6netici Pep Guardiola, Barselona&#8217;da d\u00fczenlenen bir aktiflikte Filistin i\u00e7in yard\u0131m talep etti.<\/p>\n","protected":false},"author":1,"featured_media":54580,"comment_status":"open","ping_status":"open","sticky":false,"template":"","format":"standard","meta":{"footnotes":""},"categories":[25],"tags":[965],"class_list":["post-54578","post","type-post","status-publish","format-standard","has-post-thumbnail","hentry","category-futbol","tag-filistin"],"_links":{"self":[{"href":"https:\/\/haberbesiktas.tr\/index.php?rest_route=\/wp\/v2\/posts\/54578","targetHints":{"allow":["GET"]}}],"collection":[{"href":"https:\/\/haberbesiktas.tr\/index.php?rest_route=\/wp\/v2\/posts"}],"about":[{"href":"https:\/\/haberbesiktas.tr\/index.php?rest_route=\/wp\/v2\/types\/post"}],"author":[{"embeddable":true,"href":"https:\/\/haberbesiktas.tr\/index.php?rest_route=\/wp\/v2\/users\/1"}],"replies":[{"embeddable":true,"href":"https:\/\/haberbesiktas.tr\/index.php?rest_route=%2Fwp%2Fv2%2Fcomments&post=54578"}],"version-history":[{"count":1,"href":"https:\/\/haberbesiktas.tr\/index.php?rest_route=\/wp\/v2\/posts\/54578\/revisions"}],"predecessor-version":[{"id":54581,"href":"https:\/\/haberbesiktas.tr\/index.php?rest_route=\/wp\/v2\/posts\/54578\/revisions\/54581"}],"wp:featuredmedia":[{"embeddable":true,"href":"https:\/\/haberbesiktas.tr\/index.php?rest_route=\/wp\/v2\/media\/54580"}],"wp:attachment":[{"href":"https:\/\/haberbesiktas.tr\/index.php?rest_route=%2Fwp%2Fv2%2Fmedia&parent=54578"}],"wp:term":[{"taxonomy":"category","embeddable":true,"href":"https:\/\/haberbesiktas.tr\/index.php?rest_route=%2Fwp%2Fv2%2Fcategories&post=54578"},{"taxonomy":"post_tag","embeddable":true,"href":"https:\/\/haberbesiktas.tr\/index.php?rest_route=%2Fwp%2Fv2%2Ftags&post=54578"}],"curies":[{"name":"wp","href":"https:\/\/api.w.org\/{rel}","templated":true}]}}