{"id":54588,"date":"2026-01-30T07:48:11","date_gmt":"2026-01-30T07:48:11","guid":{"rendered":"https:\/\/haberbesiktas.tr\/?p=54588"},"modified":"2026-01-30T07:48:11","modified_gmt":"2026-01-30T07:48:11","slug":"besiktasin-yeni-transferi-asllaninin-gelis-saati-belli-oldu","status":"publish","type":"post","link":"https:\/\/haberbesiktas.tr\/?p=54588","title":{"rendered":"Be\u015fikta\u015f&#8217;\u0131n yeni transferi Asllani&#8217;nin geli\u015f saati belli oldu"},"content":{"rendered":"<div>\n<p>Be\u015fikta\u015f&#8217;\u0131n orta saha transferinde mutabakata vard\u0131\u011f\u0131 Kristjan Asllani ile ilgili ya\u015fanan gecikme netlik kazand\u0131.<\/p>\n<p> Be\u015fikta\u015f ile Inter, Arnavut orta saha oyuncusunun kiral\u0131k transferi konusunda mutabakat sa\u011flad\u0131. Kiral\u0131k olarak Torino&#8217;da forma giyen Asllani&#8217;nin transferinin tamamlanmas\u0131 i\u00e7in Torino ile Inter ortas\u0131ndaki mukavele fesih s\u00fcrecinin sonu\u00e7lanmas\u0131 bekleniyor. Bu s\u00fcrecin akabinde Be\u015fikta\u015f&#8217;\u0131n, 23 ya\u015f\u0131ndaki futbolcu ile resmi mukaveleyi imzalamas\u0131 planlan\u0131yor.<\/p>\n<p> <strong>U\u00c7AK ARIZASI GEC\u0130KT\u0130RD\u0130\u00a0<\/strong> <\/p>\n<p> Asllani&#8217;nin, d\u00fcn gece 23.40&#8217;ta \u0130stanbul&#8217;da olmas\u0131 bekleniyordu. Lakin Milano Malpensa\u2013\u0130stanbul seferini yapacak u\u00e7akta ya\u015fanan teknik ar\u0131za nedeniyle u\u00e7u\u015f iptal edildi. Be\u015fikta\u015f Kul\u00fcb\u00fc mevzuyla ilgili yapt\u0131\u011f\u0131 a\u00e7\u0131klamada, oyuncunun geli\u015f plan\u0131na dair yeni bilgilendirmenin program netle\u015fti\u011finde payla\u015f\u0131laca\u011f\u0131n\u0131 duyurdu.<\/p>\n<p><strong>\u0130STANBUL&#8217;A GEL\u0130\u015e SAAT\u0130<\/strong><\/p>\n<p> G\u00fcncellenen programa nazaran Kristjan Asllani, bug\u00fcn saat 12.00&#8217;de \u0130stanbul Havaliman\u0131 D\u0131\u015f S\u0131n\u0131rlar Terminali&#8217;nde olacak.<\/p>\n<p> <strong>ADALI DA A\u00c7IKLADI<\/strong><\/p>\n<p><span>\u00d6te yandan Be\u015fikta\u015f Ba\u015fkan\u0131 Serdal Adal\u0131, konuyla ilgili bas\u0131n toplant\u0131s\u0131nda yapt\u0131\u011f\u0131 a\u00e7\u0131klama<strong> &#8220;Kristjan <\/strong><\/span><strong><span>Asllani<\/span><\/strong><span><strong> geliyor. Inter ve oyuncu ile anla\u015ft\u0131k. Inter ile Torino ortas\u0131nda fesih s\u00fcreci var. Bu ak\u015fam gelecek.&#8221;<\/strong> tabirlerini kulland\u0131.<\/span><\/p>\n<p> <strong>INTER 15,7 M\u0130LYON EURO \u00d6DED\u0130<\/strong><\/p>\n<p> Inter, Asllani&#8217;yi Empoli&#8217;den 2023 y\u0131l\u0131n\u0131n Haziran ay\u0131nda 15,7 milyon euroya transfer etti. Empoli altyap\u0131s\u0131nda ba\u015flad\u0131\u011f\u0131 mesle\u011finde Inter&#8217;de 99 ma\u00e7a \u00e7\u0131kan Kristjan Asllani, 4 gol atarken 5 sefer de asist katk\u0131s\u0131 sa\u011flad\u0131.<\/p>\n<p> <strong>TORINO PERFORMANSI<\/strong><\/p>\n<p> Bu d\u00f6nem Torino&#8217;da 16 ma\u00e7ta 1155 dakika alanda kalan Asllani, gol ya da asist katk\u0131s\u0131 veremedi.<\/p>\n<p> \u00d6te yandan Kristjan Asllani, Arnavutluk Ulusal Kadrosu&#8217;nda 38 kere forma giydi ve 5 asist yapt\u0131.\u00a0\u00a0<\/p>\n<\/div>\n","protected":false},"excerpt":{"rendered":"<p>Be\u015fikta\u015f&#8217;\u0131n yeni transferi Kristjan Asllani, bug\u00fcn saat 12.00&#8217;de \u0130stanbul&#8217;da olacak.<\/p>\n","protected":false},"author":1,"featured_media":54589,"comment_status":"open","ping_status":"open","sticky":false,"template":"","format":"standard","meta":{"footnotes":""},"categories":[25],"tags":[71,622,3982],"class_list":["post-54588","post","type-post","status-publish","format-standard","has-post-thumbnail","hentry","category-futbol","tag-besiktas","tag-inter","tag-kristjan-asllani"],"_links":{"self":[{"href":"https:\/\/haberbesiktas.tr\/index.php?rest_route=\/wp\/v2\/posts\/54588","targetHints":{"allow":["GET"]}}],"collection":[{"href":"https:\/\/haberbesiktas.tr\/index.php?rest_route=\/wp\/v2\/posts"}],"about":[{"href":"https:\/\/haberbesiktas.tr\/index.php?rest_route=\/wp\/v2\/types\/post"}],"author":[{"embeddable":true,"href":"https:\/\/haberbesiktas.tr\/index.php?rest_route=\/wp\/v2\/users\/1"}],"replies":[{"embeddable":true,"href":"https:\/\/haberbesiktas.tr\/index.php?rest_route=%2Fwp%2Fv2%2Fcomments&post=54588"}],"version-history":[{"count":1,"href":"https:\/\/haberbesiktas.tr\/index.php?rest_route=\/wp\/v2\/posts\/54588\/revisions"}],"predecessor-version":[{"id":54590,"href":"https:\/\/haberbesiktas.tr\/index.php?rest_route=\/wp\/v2\/posts\/54588\/revisions\/54590"}],"wp:featuredmedia":[{"embeddable":true,"href":"https:\/\/haberbesiktas.tr\/index.php?rest_route=\/wp\/v2\/media\/54589"}],"wp:attachment":[{"href":"https:\/\/haberbesiktas.tr\/index.php?rest_route=%2Fwp%2Fv2%2Fmedia&parent=54588"}],"wp:term":[{"taxonomy":"category","embeddable":true,"href":"https:\/\/haberbesiktas.tr\/index.php?rest_route=%2Fwp%2Fv2%2Fcategories&post=54588"},{"taxonomy":"post_tag","embeddable":true,"href":"https:\/\/haberbesiktas.tr\/index.php?rest_route=%2Fwp%2Fv2%2Ftags&post=54588"}],"curies":[{"name":"wp","href":"https:\/\/api.w.org\/{rel}","templated":true}]}}