{"id":54613,"date":"2026-01-30T09:24:14","date_gmt":"2026-01-30T09:24:14","guid":{"rendered":"https:\/\/haberbesiktas.tr\/?p=54613"},"modified":"2026-01-30T09:24:14","modified_gmt":"2026-01-30T09:24:14","slug":"fenerbahce-beraberligi-sonrasi-baskan-cildirdi-3-futbolcuya-kapiyi-gosterdi","status":"publish","type":"post","link":"https:\/\/haberbesiktas.tr\/?p=54613","title":{"rendered":"Fenerbah\u00e7e beraberli\u011fi sonras\u0131 ba\u015fkan \u00e7\u0131ld\u0131rd\u0131: 3 futbolcuya kap\u0131y\u0131 g\u00f6sterdi"},"content":{"rendered":"<div>\n<p>UEFA Avrupa Ligi&#8217;nin 8. haftas\u0131nda Fenerbah\u00e7e ile alan\u0131nda 1-1 berabere kalan FCSB&#8217;de ma\u00e7\u0131n akabinde kriz patlak verdi. Al\u0131nan sonucun akabinde Rumen tak\u0131m\u0131n\u0131n sahibi<strong> Gigi Becali<\/strong>, radikal kararlar ald\u0131\u011f\u0131n\u0131 a\u00e7\u0131klad\u0131.<\/p>\n<p> Bu sonu\u00e7la Fenerbah\u00e7e puan\u0131n\u0131 12&#8217;ye y\u00fckselterek lig evresini 19. s\u0131rada tamamlarken, 7 puanda kalan FCSB 27. s\u0131rada yer ald\u0131 ve birinci 24 d\u0131\u015f\u0131nda kalarak Avrupa&#8217;ya veda etti.<\/p>\n<p> <strong>&#8220;BANA YARDIMCI OLMAYANI TUTMAYACA\u011eIM&#8221;<\/strong> <\/p>\n<p> M\u00fcsabakan\u0131n biti\u015f d\u00fcd\u00fc\u011f\u00fcn\u00fcn akabinde <strong>Digi Sport&#8217;a<\/strong> konu\u015fan Gigi Becali, birtak\u0131m oyuncular\u0131n performans\u0131ndan duydu\u011fu rahats\u0131zl\u0131\u011f\u0131 a\u00e7\u0131k s\u00f6zlerle lisana getirdi. Rumen lider, kanat oyuncular\u0131<strong> Dennis Politic<\/strong> ve<strong> Octavian George Popescu<\/strong> ile santrfor <strong>Denis Alibec<\/strong> ile yollar\u0131n ayr\u0131laca\u011f\u0131n\u0131 duyurdu.<\/p>\n<p> Becali,<strong> &#8220;Bana hi\u00e7 yard\u0131mc\u0131 olmayan oyuncular\u0131 tutamayaca\u011f\u0131m\u0131 anlad\u0131m. Politic&#8217;i tahlil olarak g\u00f6rm\u00fcyorsam ne yapmal\u0131y\u0131m? Popescu&#8217;yu g\u00f6r\u00fcyorsam ne yapmal\u0131y\u0131m? Alibec&#8217;ten b\u00fcsb\u00fct\u00fcn vazge\u00e7iyorum.&#8221;<\/strong> s\u00f6zlerini kulland\u0131.<\/p>\n<p> <strong>TRANSFER AYRINTILARI ORTAYA \u00c7IKTI<\/strong><\/p>\n<p> 67 ya\u015f\u0131ndaki futbol adam\u0131, Dennis Politic&#8217;e Yunanistan&#8217;dan talipler oldu\u011funu belirtirken, Denis Alibec&#8217;in ise Gheorghe Hagi&#8217;nin \u00e7al\u0131\u015ft\u0131rd\u0131\u011f\u0131 Farul Constanta&#8217;ya transfer olaca\u011f\u0131n\u0131 a\u00e7\u0131klad\u0131. Becali ayr\u0131yeten, grubu g\u00fc\u00e7lendirmek ismine iki yeni transfer yapacaklar\u0131n\u0131 da kelamlar\u0131na ekledi.<\/p>\n<p> Fenerbah\u00e7e kar\u015f\u0131s\u0131nda Politic ve Popescu alanda yer al\u0131rken, Denis Alibec ise m\u00fcsabakan\u0131n tak\u0131m\u0131nda bulunmam\u0131\u015ft\u0131.<\/p>\n<\/div>\n","protected":false},"excerpt":{"rendered":"<p>Fenerbah\u00e7e ile 1-1 berabere kalarak UEFA Avrupa Ligi&#8217;ne veda eden FCSB&#8217;de, m\u00fcsabakan\u0131n akabinde kul\u00fcp sahibi Gigi Becali&#8217;den fla\u015f bir karar geldi. Becali, son d\u00fcd\u00fck \u00e7alar \u00e7almaz yapt\u0131\u011f\u0131 a\u00e7\u0131klamada 3 futbolcuyu ekipten g\u00f6nderece\u011fini duuyrdu.<\/p>\n","protected":false},"author":1,"featured_media":54614,"comment_status":"open","ping_status":"open","sticky":false,"template":"","format":"standard","meta":{"footnotes":""},"categories":[25],"tags":[],"class_list":["post-54613","post","type-post","status-publish","format-standard","has-post-thumbnail","hentry","category-futbol"],"_links":{"self":[{"href":"https:\/\/haberbesiktas.tr\/index.php?rest_route=\/wp\/v2\/posts\/54613","targetHints":{"allow":["GET"]}}],"collection":[{"href":"https:\/\/haberbesiktas.tr\/index.php?rest_route=\/wp\/v2\/posts"}],"about":[{"href":"https:\/\/haberbesiktas.tr\/index.php?rest_route=\/wp\/v2\/types\/post"}],"author":[{"embeddable":true,"href":"https:\/\/haberbesiktas.tr\/index.php?rest_route=\/wp\/v2\/users\/1"}],"replies":[{"embeddable":true,"href":"https:\/\/haberbesiktas.tr\/index.php?rest_route=%2Fwp%2Fv2%2Fcomments&post=54613"}],"version-history":[{"count":1,"href":"https:\/\/haberbesiktas.tr\/index.php?rest_route=\/wp\/v2\/posts\/54613\/revisions"}],"predecessor-version":[{"id":54615,"href":"https:\/\/haberbesiktas.tr\/index.php?rest_route=\/wp\/v2\/posts\/54613\/revisions\/54615"}],"wp:featuredmedia":[{"embeddable":true,"href":"https:\/\/haberbesiktas.tr\/index.php?rest_route=\/wp\/v2\/media\/54614"}],"wp:attachment":[{"href":"https:\/\/haberbesiktas.tr\/index.php?rest_route=%2Fwp%2Fv2%2Fmedia&parent=54613"}],"wp:term":[{"taxonomy":"category","embeddable":true,"href":"https:\/\/haberbesiktas.tr\/index.php?rest_route=%2Fwp%2Fv2%2Fcategories&post=54613"},{"taxonomy":"post_tag","embeddable":true,"href":"https:\/\/haberbesiktas.tr\/index.php?rest_route=%2Fwp%2Fv2%2Ftags&post=54613"}],"curies":[{"name":"wp","href":"https:\/\/api.w.org\/{rel}","templated":true}]}}