{"id":54649,"date":"2026-01-30T11:48:12","date_gmt":"2026-01-30T11:48:12","guid":{"rendered":"https:\/\/haberbesiktas.tr\/?p=54649"},"modified":"2026-01-30T11:48:12","modified_gmt":"2026-01-30T11:48:12","slug":"erling-haalanddan-galatasaray-macinda-leeds-selami","status":"publish","type":"post","link":"https:\/\/haberbesiktas.tr\/?p=54649","title":{"rendered":"Erling Haaland&#8217;dan Galatasaray ma\u00e7\u0131nda Leeds selam\u0131"},"content":{"rendered":"<div>Manchester City, \u015eampiyonlar Ligi&#8217;nin son haftas\u0131nda alan\u0131nda Galatasaray&#8217;\u0131 2-0 ma\u011flup etti.<\/p>\n<p> \u0130ngiliz tak\u0131m\u0131n\u0131n birinci gol\u00fcn\u00fc Erling Haaland kaydetti. Norve\u00e7li futbolcunun golden sonraki sevinciyle ilgili ger\u00e7ek ortaya \u00e7\u0131kt\u0131.<\/p>\n<p> Erling Haaland, Galatasaray&#8217;a gol att\u0131ktan sonra Leeds United taraftarlar\u0131 ortas\u0131nda yap\u0131lan selam ile gol\u00fc kutlad\u0131. <\/p>\n<p> Haaland, babas\u0131 Leeds United formas\u0131 giydi\u011fi periyotta Leeds kentinde 2000 y\u0131l\u0131nda do\u011fdu.<\/p>\n<p> Norve\u00e7li futbolcu, daha evvel Leeds United&#8217;a att\u0131\u011f\u0131 gol\u00fcn akabinde sevin\u00e7 ya\u015famam\u0131\u015ft\u0131. Haaland, 2022 y\u0131l\u0131nda yapt\u0131\u011f\u0131 a\u00e7\u0131klamada,<strong> &#8220;Bu hareketim planl\u0131yd\u0131. Kutlama yapmak istemedim. Leeds&#8217;de do\u011fdum ve kul\u00fcbe h\u00fcrmetim var.\u00a0Annem ve babam trib\u00fcndeydi. Bu \u00e7ok \u00f6zeldi.&#8221;<\/strong>\u00a0demi\u015fti.<\/p>\n<p><strong>Haaland&#8217;\u0131n Galatasaray ma\u00e7\u0131n\u0131n akabinde gol sevinci<\/strong><br \/><img decoding=\"async\" src=\"https:\/\/haberbesiktas.tr\/wp-content\/uploads\/2026\/01\/erling-haalanddan-galatasaray-macinda-leeds-selami-0-ygvXEKxG.jpg\"\/><\/p>\n<p> <strong>YA\u015eANAN OLAYLAR<\/strong><\/p>\n<p> 2000 y\u0131l\u0131ndaki UEFA Kupas\u0131 yar\u0131 final birinci ma\u00e7\u0131nda Galatasaray, alan\u0131nda Leeds United&#8217;\u0131 a\u011f\u0131rlad\u0131. Bu ma\u00e7tan evvel \u0130stanbul&#8217;da ya\u015fanan olaylarda iki \u0130ngiliz taraftar\u0131 hayat\u0131n\u0131 kaybetti. UEFA, ya\u015fanan olaylar nedeniyle \u0130ngiltere&#8217;deki r\u00f6van\u015f m\u00fcsabakas\u0131na Galatasaray taraftar\u0131n\u0131n al\u0131nmamas\u0131na karar verdi.<\/p>\n<\/div>\n","protected":false},"excerpt":{"rendered":"<p>Manchester City formas\u0131 giyen Erling Haaland&#8217;\u0131n, Galatasaray ma\u00e7\u0131nda att\u0131\u011f\u0131 gol\u00fcn akabinde Leeds United selam\u0131 verdi\u011fi ortaya \u00e7\u0131kt\u0131.<\/p>\n","protected":false},"author":1,"featured_media":54650,"comment_status":"open","ping_status":"open","sticky":false,"template":"","format":"standard","meta":{"footnotes":""},"categories":[25],"tags":[129,77,1830,3987],"class_list":["post-54649","post","type-post","status-publish","format-standard","has-post-thumbnail","hentry","category-futbol","tag-galatasaray","tag-gol","tag-haaland","tag-leeds"],"_links":{"self":[{"href":"https:\/\/haberbesiktas.tr\/index.php?rest_route=\/wp\/v2\/posts\/54649","targetHints":{"allow":["GET"]}}],"collection":[{"href":"https:\/\/haberbesiktas.tr\/index.php?rest_route=\/wp\/v2\/posts"}],"about":[{"href":"https:\/\/haberbesiktas.tr\/index.php?rest_route=\/wp\/v2\/types\/post"}],"author":[{"embeddable":true,"href":"https:\/\/haberbesiktas.tr\/index.php?rest_route=\/wp\/v2\/users\/1"}],"replies":[{"embeddable":true,"href":"https:\/\/haberbesiktas.tr\/index.php?rest_route=%2Fwp%2Fv2%2Fcomments&post=54649"}],"version-history":[{"count":1,"href":"https:\/\/haberbesiktas.tr\/index.php?rest_route=\/wp\/v2\/posts\/54649\/revisions"}],"predecessor-version":[{"id":54652,"href":"https:\/\/haberbesiktas.tr\/index.php?rest_route=\/wp\/v2\/posts\/54649\/revisions\/54652"}],"wp:featuredmedia":[{"embeddable":true,"href":"https:\/\/haberbesiktas.tr\/index.php?rest_route=\/wp\/v2\/media\/54650"}],"wp:attachment":[{"href":"https:\/\/haberbesiktas.tr\/index.php?rest_route=%2Fwp%2Fv2%2Fmedia&parent=54649"}],"wp:term":[{"taxonomy":"category","embeddable":true,"href":"https:\/\/haberbesiktas.tr\/index.php?rest_route=%2Fwp%2Fv2%2Fcategories&post=54649"},{"taxonomy":"post_tag","embeddable":true,"href":"https:\/\/haberbesiktas.tr\/index.php?rest_route=%2Fwp%2Fv2%2Ftags&post=54649"}],"curies":[{"name":"wp","href":"https:\/\/api.w.org\/{rel}","templated":true}]}}