{"id":54657,"date":"2026-01-30T12:12:06","date_gmt":"2026-01-30T12:12:06","guid":{"rendered":"https:\/\/haberbesiktas.tr\/?p=54657"},"modified":"2026-01-30T12:12:06","modified_gmt":"2026-01-30T12:12:06","slug":"asllani-besiktas-icin-istanbulda","status":"publish","type":"post","link":"https:\/\/haberbesiktas.tr\/?p=54657","title":{"rendered":"Asllani, Be\u015fikta\u015f i\u00e7in \u0130stanbul&#8217;da"},"content":{"rendered":"<div>Be\u015fikta\u015f, Kristjan Asllani transferi i\u00e7in Inter ile muahede sa\u011flad\u0131.<\/p>\n<p> Asllani, transferini tamamlamak i\u00e7in cuma g\u00fcn\u00fc saat 12.00 sular\u0131nda \u0130stanbul&#8217;a geldi.<\/p>\n<p> <strong>DETAYLAR GEL\u0130YOR<\/strong><\/p>\n<\/div>\n","protected":false},"excerpt":{"rendered":"<p>Be\u015fikta\u015f&#8217;\u0131n yeni transferi Kristjan Asllani, \u0130stanbul&#8217;a geldi.<\/p>\n","protected":false},"author":1,"featured_media":54658,"comment_status":"open","ping_status":"open","sticky":false,"template":"","format":"standard","meta":{"footnotes":""},"categories":[25],"tags":[],"class_list":["post-54657","post","type-post","status-publish","format-standard","has-post-thumbnail","hentry","category-futbol"],"_links":{"self":[{"href":"https:\/\/haberbesiktas.tr\/index.php?rest_route=\/wp\/v2\/posts\/54657","targetHints":{"allow":["GET"]}}],"collection":[{"href":"https:\/\/haberbesiktas.tr\/index.php?rest_route=\/wp\/v2\/posts"}],"about":[{"href":"https:\/\/haberbesiktas.tr\/index.php?rest_route=\/wp\/v2\/types\/post"}],"author":[{"embeddable":true,"href":"https:\/\/haberbesiktas.tr\/index.php?rest_route=\/wp\/v2\/users\/1"}],"replies":[{"embeddable":true,"href":"https:\/\/haberbesiktas.tr\/index.php?rest_route=%2Fwp%2Fv2%2Fcomments&post=54657"}],"version-history":[{"count":1,"href":"https:\/\/haberbesiktas.tr\/index.php?rest_route=\/wp\/v2\/posts\/54657\/revisions"}],"predecessor-version":[{"id":54659,"href":"https:\/\/haberbesiktas.tr\/index.php?rest_route=\/wp\/v2\/posts\/54657\/revisions\/54659"}],"wp:featuredmedia":[{"embeddable":true,"href":"https:\/\/haberbesiktas.tr\/index.php?rest_route=\/wp\/v2\/media\/54658"}],"wp:attachment":[{"href":"https:\/\/haberbesiktas.tr\/index.php?rest_route=%2Fwp%2Fv2%2Fmedia&parent=54657"}],"wp:term":[{"taxonomy":"category","embeddable":true,"href":"https:\/\/haberbesiktas.tr\/index.php?rest_route=%2Fwp%2Fv2%2Fcategories&post=54657"},{"taxonomy":"post_tag","embeddable":true,"href":"https:\/\/haberbesiktas.tr\/index.php?rest_route=%2Fwp%2Fv2%2Ftags&post=54657"}],"curies":[{"name":"wp","href":"https:\/\/api.w.org\/{rel}","templated":true}]}}