{"id":54753,"date":"2026-01-30T18:24:09","date_gmt":"2026-01-30T18:24:09","guid":{"rendered":"https:\/\/haberbesiktas.tr\/?p=54753"},"modified":"2026-01-30T18:24:09","modified_gmt":"2026-01-30T18:24:09","slug":"samsundan-transferler-icin-yalanlama","status":"publish","type":"post","link":"https:\/\/haberbesiktas.tr\/?p=54753","title":{"rendered":"Samsun&#8217;dan transferler i\u00e7in yalanlama"},"content":{"rendered":"<div>Samsunspor, toplumsal medyada ve internet sayfalar\u0131nda transfer edilece\u011fine dair payla\u015f\u0131mlar yap\u0131lan futbolculardan Cenk \u015een ve Bekir B\u00f6ke haberlerini yalanlad\u0131.<\/p>\n<p> K\u0131rm\u0131z\u0131-beyazl\u0131 kul\u00fcp, Bodrumspor formas\u0131 giyen Cenk \u015een ile Sivasspor&#8217;da oynayan Bekir B\u00f6ke ile ilgilenildi\u011fine y\u00f6nelik haberlerin ger\u00e7e\u011fi yans\u0131tmad\u0131\u011f\u0131n\u0131 duyurdu. Kul\u00fcpten yap\u0131lan a\u00e7\u0131klamada,<strong> &#8220;Son g\u00fcnlerde birtak\u0131m bas\u0131n yay\u0131n organlar\u0131 ve sanal medya mecralar\u0131nda, kul\u00fcb\u00fcm\u00fcz\u00fcn Cenk \u015een ve Bekir B\u00f6ke ile ilgilendi\u011fine dair \u00e7\u0131kan haberler \u00fczerine a\u00e7\u0131klama yapma gere\u011fi do\u011fmu\u015ftur. \u0130smi ge\u00e7en futbolcularla ilgili olarak kul\u00fcb\u00fcm\u00fcz\u00fcn rastgele bir ilgisi yahut temas\u0131 bulunmamaktad\u0131r. Kamuoyunun, s\u0131rf kul\u00fcb\u00fcm\u00fcz\u00fcn resmi irtibat kanallar\u0131ndan yap\u0131lan a\u00e7\u0131klamalara prestij etmesini rica ederiz&#8221;<\/strong> tabirlerine yer verildi.<\/p>\n<\/div>\n","protected":false},"excerpt":{"rendered":"<p>Samsunspor, Cenk \u015een ve Bekir B\u00f6ke transfer haberlerini yalanlad\u0131<\/p>\n","protected":false},"author":1,"featured_media":54754,"comment_status":"open","ping_status":"open","sticky":false,"template":"","format":"standard","meta":{"footnotes":""},"categories":[25],"tags":[],"class_list":["post-54753","post","type-post","status-publish","format-standard","has-post-thumbnail","hentry","category-futbol"],"_links":{"self":[{"href":"https:\/\/haberbesiktas.tr\/index.php?rest_route=\/wp\/v2\/posts\/54753","targetHints":{"allow":["GET"]}}],"collection":[{"href":"https:\/\/haberbesiktas.tr\/index.php?rest_route=\/wp\/v2\/posts"}],"about":[{"href":"https:\/\/haberbesiktas.tr\/index.php?rest_route=\/wp\/v2\/types\/post"}],"author":[{"embeddable":true,"href":"https:\/\/haberbesiktas.tr\/index.php?rest_route=\/wp\/v2\/users\/1"}],"replies":[{"embeddable":true,"href":"https:\/\/haberbesiktas.tr\/index.php?rest_route=%2Fwp%2Fv2%2Fcomments&post=54753"}],"version-history":[{"count":1,"href":"https:\/\/haberbesiktas.tr\/index.php?rest_route=\/wp\/v2\/posts\/54753\/revisions"}],"predecessor-version":[{"id":54755,"href":"https:\/\/haberbesiktas.tr\/index.php?rest_route=\/wp\/v2\/posts\/54753\/revisions\/54755"}],"wp:featuredmedia":[{"embeddable":true,"href":"https:\/\/haberbesiktas.tr\/index.php?rest_route=\/wp\/v2\/media\/54754"}],"wp:attachment":[{"href":"https:\/\/haberbesiktas.tr\/index.php?rest_route=%2Fwp%2Fv2%2Fmedia&parent=54753"}],"wp:term":[{"taxonomy":"category","embeddable":true,"href":"https:\/\/haberbesiktas.tr\/index.php?rest_route=%2Fwp%2Fv2%2Fcategories&post=54753"},{"taxonomy":"post_tag","embeddable":true,"href":"https:\/\/haberbesiktas.tr\/index.php?rest_route=%2Fwp%2Fv2%2Ftags&post=54753"}],"curies":[{"name":"wp","href":"https:\/\/api.w.org\/{rel}","templated":true}]}}