{"id":54759,"date":"2026-01-30T18:48:06","date_gmt":"2026-01-30T18:48:06","guid":{"rendered":"https:\/\/haberbesiktas.tr\/?p=54759"},"modified":"2026-01-30T18:48:06","modified_gmt":"2026-01-30T18:48:06","slug":"giorgio-chielliniden-galatasaray-mesaji","status":"publish","type":"post","link":"https:\/\/haberbesiktas.tr\/?p=54759","title":{"rendered":"Giorgio Chiellini&#8217;den Galatasaray mesaj\u0131"},"content":{"rendered":"<div>Juventus&#8217;un idaresinde yer alan Giorgio Chiellini, UEFA \u015eampiyonlar Ligi&#8217;ndeki Galatasaray ma\u00e7\u0131yla ilgili konu\u015ftu.<\/p>\n<p> \u0130talyan futbol insan\u0131, <strong>&#8220;Hem Osimhen&#8217;i hem de 2013&#8217;\u00fc d\u00fc\u015f\u00fcnd\u00fcm: \u0130stanbul&#8217;daki son hat\u0131ram\u0131z\u0131 silmek i\u00e7in d\u00fczg\u00fcn bir f\u0131rsat. Gala, kusursuz oyunculara sahip g\u00fc\u00e7l\u00fc bir kadro. \u0130stanbul&#8217;daki birinci ma\u00e7ta oyunu g\u00fczel oynamam\u0131z gerekiyor. Transfer piyasas\u0131 m\u0131? Yeni bir \u015fey yok\u2026&#8221;<\/strong> dedi.<\/p>\n<p> Kelamlar\u0131na devam eden Chiellini, &#8220;<strong>Galatasaray, b\u00fcy\u00fck oyunculara sahip g\u00fc\u00e7l\u00fc bir grup. R\u00f6van\u015f\u0131 konutumuzda oynayaca\u011f\u0131z. Onlar\u0131n stadyumuna gidip ma\u00e7\u0131 yanl\u0131\u015fs\u0131z oynamal\u0131, zay\u0131f istikametlerinden faydalanmal\u0131y\u0131z.&#8221;<\/strong> diye konu\u015ftu.<\/p>\n<p><img decoding=\"async\" src=\"https:\/\/haberbesiktas.tr\/wp-content\/uploads\/2026\/01\/giorgio-chielliniden-galatasaray-mesaji-0-28AK3eFX.jpg\"\/> <\/p>\n<p> Chiellini,<strong> &#8220;Galatasaray ma\u00e7\u0131nda bu sefer iki devre var, sorun olmamal\u0131. Sahan\u0131n bir yar\u0131s\u0131 farkl\u0131 formda haz\u0131rlanm\u0131\u015ft\u0131; sonra alanda biz kaybettik, belirleyici yan\u0131lg\u0131y\u0131 ben yapm\u0131\u015ft\u0131m. Art\u0131k farkl\u0131 bir ma\u00e7, farkl\u0131 bir d\u00fcnya; iki farkl\u0131 grubuz.<\/strong>&#8221; a\u00e7\u0131klamas\u0131nda bulundu.<\/p>\n<p> 2013 y\u0131l\u0131nda Galatasaray&#8217;a kaybettikleri ma\u00e7 i\u00e7in de konu\u015fan Chiellini,<strong> &#8220;2013 y\u0131l\u0131ndaki Galatasaray&#8217;a kar\u015f\u0131 olan o yenilgiyi hala \u00fczerimde hissediyorum. Galatasaray&#8217;a b\u00fcy\u00fck h\u00fcrmetimiz var.&#8221;<\/strong> diye konu\u015ftu.<\/p>\n<\/div>\n","protected":false},"excerpt":{"rendered":"<p>Juventus&#8217;un idaresinde yer alan Giorgio Chiellini, UEFA \u015eampiyonlar Ligi&#8217;ndeki Galatasaray ma\u00e7\u0131yla ilgili konu\u015ftu.<\/p>\n","protected":false},"author":1,"featured_media":54760,"comment_status":"open","ping_status":"open","sticky":false,"template":"","format":"standard","meta":{"footnotes":""},"categories":[25],"tags":[129,50],"class_list":["post-54759","post","type-post","status-publish","format-standard","has-post-thumbnail","hentry","category-futbol","tag-galatasaray","tag-mac"],"_links":{"self":[{"href":"https:\/\/haberbesiktas.tr\/index.php?rest_route=\/wp\/v2\/posts\/54759","targetHints":{"allow":["GET"]}}],"collection":[{"href":"https:\/\/haberbesiktas.tr\/index.php?rest_route=\/wp\/v2\/posts"}],"about":[{"href":"https:\/\/haberbesiktas.tr\/index.php?rest_route=\/wp\/v2\/types\/post"}],"author":[{"embeddable":true,"href":"https:\/\/haberbesiktas.tr\/index.php?rest_route=\/wp\/v2\/users\/1"}],"replies":[{"embeddable":true,"href":"https:\/\/haberbesiktas.tr\/index.php?rest_route=%2Fwp%2Fv2%2Fcomments&post=54759"}],"version-history":[{"count":1,"href":"https:\/\/haberbesiktas.tr\/index.php?rest_route=\/wp\/v2\/posts\/54759\/revisions"}],"predecessor-version":[{"id":54762,"href":"https:\/\/haberbesiktas.tr\/index.php?rest_route=\/wp\/v2\/posts\/54759\/revisions\/54762"}],"wp:featuredmedia":[{"embeddable":true,"href":"https:\/\/haberbesiktas.tr\/index.php?rest_route=\/wp\/v2\/media\/54760"}],"wp:attachment":[{"href":"https:\/\/haberbesiktas.tr\/index.php?rest_route=%2Fwp%2Fv2%2Fmedia&parent=54759"}],"wp:term":[{"taxonomy":"category","embeddable":true,"href":"https:\/\/haberbesiktas.tr\/index.php?rest_route=%2Fwp%2Fv2%2Fcategories&post=54759"},{"taxonomy":"post_tag","embeddable":true,"href":"https:\/\/haberbesiktas.tr\/index.php?rest_route=%2Fwp%2Fv2%2Ftags&post=54759"}],"curies":[{"name":"wp","href":"https:\/\/api.w.org\/{rel}","templated":true}]}}