{"id":54769,"date":"2026-01-30T19:24:05","date_gmt":"2026-01-30T19:24:05","guid":{"rendered":"https:\/\/haberbesiktas.tr\/?p=54769"},"modified":"2026-01-30T19:24:05","modified_gmt":"2026-01-30T19:24:05","slug":"galatasaray-ilkin-aydinla-imzaladi","status":"publish","type":"post","link":"https:\/\/haberbesiktas.tr\/?p=54769","title":{"rendered":"Galatasaray, \u0130lkin Ayd\u0131n&#8217;la imzalad\u0131"},"content":{"rendered":"<p>Galatasaray, bayan voleybol grubunun kaptan\u0131 Birincinin Ayd\u0131n ile iki y\u0131ll\u0131k yeni mukavele imzalad\u0131.<\/p>\n<p> <strong>Kul\u00fcpten yap\u0131lan a\u00e7\u0131klama \u015fu halde:<\/strong><\/p>\n<p> &#8220;Galatasaray Daikin Voleybol Ekibimizin Kaptan\u0131 Birincinin Ayd\u0131n, kul\u00fcb\u00fcm\u00fczle iki y\u0131ll\u0131k yeni kontrat imzalad\u0131. <\/p>\n<p> 2017 y\u0131l\u0131ndan bu yana Galatasaray\u0131m\u0131z\u0131n ve T\u00fcrk voleybolunun k\u0131ymetli bir oyuncusu olan Birincinin Ayd\u0131n, Ali Sami Yen Spor Kompleksi RAMS Park&#8217;ta Galatasaray Spor Kul\u00fcb\u00fc Lideri Dursun Ayd\u0131n \u00d6zbek&#8217;in i\u015ftirakiyle yeni s\u00f6zle\u015fmesini imzalad\u0131.&#8221;<\/p>\n<p><img decoding=\"async\" src=\"https:\/\/haberbesiktas.tr\/wp-content\/uploads\/2026\/01\/galatasaray-ilkin-aydinla-imzaladi-0-eFnGIXfR.jpg\"\/><\/p>\n<p><strong>&#8220;GALATASARAY&#8217;IN GURURU&#8221;<\/strong><\/p>\n<p> Galatasaray Ba\u015fkan\u0131 Dursun \u00d6zbek, <strong>&#8220;\u0130lkin, bizim gururumuz; Galatasaray&#8217;\u0131n gururu, ulusal oyuncumuzdur. Galatasaray&#8217;a \u00e7ok uzun vakittir hizmet veriyor. Ben bilhassa bug\u00fcne kadar kul\u00fcb\u00fcm\u00fcz ismine verdi\u011fi emekler i\u00e7in kendisine te\u015fekk\u00fcr ediyorum. Bizden yeti\u015fen de\u011ferli bir oyuncu; T\u00fcrkiye i\u00e7in de\u011ferli, voleybol i\u00e7in k\u0131ymetli bir oyuncu. Bundan sonra da Galatasaray&#8217;a hizmet etmeye devam edecek. Kendisine bundan sonraki yolunda muvaffakiyetler diliyorum.&#8221;<\/strong> dedi.<\/p>\n<p> Birincinin Ayd\u0131n ise, <strong>&#8220;\u00c7ok te\u015fekk\u00fcr ederim. Sahiden \u00e7ok memnunum ve gururluyum. Bana nazaran emek verilen bir yol yar\u0131da b\u0131rak\u0131lmaz. Bu kul\u00fcb\u00fcn kap\u0131s\u0131ndan \u00e7ok b\u00fcy\u00fck hayallerle girdim ve bu hayallere ula\u015fmadan \u00e7\u0131kaca\u011f\u0131m\u0131 d\u00fc\u015f\u00fcnenler oldu. Bug\u00fcn, ben de kar\u015f\u0131l\u0131\u011f\u0131m\u0131 konu\u015farak de\u011fil, aksiyonla verdi\u011fimi d\u00fc\u015f\u00fcn\u00fcyorum. Birinci g\u00fcnk\u00fc \u00fczere seviyorum ve takviyelerini her vakit hissediyorum. Yan\u0131mda olduklar\u0131 i\u00e7in hepsine \u00e7ok te\u015fekk\u00fcr ederim.&#8221;<\/strong> kelamlar\u0131n\u0131 sarf etti.<\/p>\n","protected":false},"excerpt":{"rendered":"<p>Galatasaray, bayan voleybol kadrosunun kaptan\u0131 Birincinin Ayd\u0131n ile iki y\u0131ll\u0131k yeni mukavele imzalad\u0131.<\/p>\n","protected":false},"author":1,"featured_media":54770,"comment_status":"open","ping_status":"open","sticky":false,"template":"","format":"standard","meta":{"footnotes":""},"categories":[39],"tags":[1760,129,3993],"class_list":["post-54769","post","type-post","status-publish","format-standard","has-post-thumbnail","hentry","category-voleybol","tag-aydin","tag-galatasaray","tag-ilkin"],"_links":{"self":[{"href":"https:\/\/haberbesiktas.tr\/index.php?rest_route=\/wp\/v2\/posts\/54769","targetHints":{"allow":["GET"]}}],"collection":[{"href":"https:\/\/haberbesiktas.tr\/index.php?rest_route=\/wp\/v2\/posts"}],"about":[{"href":"https:\/\/haberbesiktas.tr\/index.php?rest_route=\/wp\/v2\/types\/post"}],"author":[{"embeddable":true,"href":"https:\/\/haberbesiktas.tr\/index.php?rest_route=\/wp\/v2\/users\/1"}],"replies":[{"embeddable":true,"href":"https:\/\/haberbesiktas.tr\/index.php?rest_route=%2Fwp%2Fv2%2Fcomments&post=54769"}],"version-history":[{"count":1,"href":"https:\/\/haberbesiktas.tr\/index.php?rest_route=\/wp\/v2\/posts\/54769\/revisions"}],"predecessor-version":[{"id":54772,"href":"https:\/\/haberbesiktas.tr\/index.php?rest_route=\/wp\/v2\/posts\/54769\/revisions\/54772"}],"wp:featuredmedia":[{"embeddable":true,"href":"https:\/\/haberbesiktas.tr\/index.php?rest_route=\/wp\/v2\/media\/54770"}],"wp:attachment":[{"href":"https:\/\/haberbesiktas.tr\/index.php?rest_route=%2Fwp%2Fv2%2Fmedia&parent=54769"}],"wp:term":[{"taxonomy":"category","embeddable":true,"href":"https:\/\/haberbesiktas.tr\/index.php?rest_route=%2Fwp%2Fv2%2Fcategories&post=54769"},{"taxonomy":"post_tag","embeddable":true,"href":"https:\/\/haberbesiktas.tr\/index.php?rest_route=%2Fwp%2Fv2%2Ftags&post=54769"}],"curies":[{"name":"wp","href":"https:\/\/api.w.org\/{rel}","templated":true}]}}