{"id":54776,"date":"2026-01-30T19:48:05","date_gmt":"2026-01-30T19:48:05","guid":{"rendered":"https:\/\/haberbesiktas.tr\/?p=54776"},"modified":"2026-01-30T19:48:05","modified_gmt":"2026-01-30T19:48:05","slug":"mazzulla-tatumin-bu-sezon-donusune-dair-suphelere-aciklik-getirdi","status":"publish","type":"post","link":"https:\/\/haberbesiktas.tr\/?p=54776","title":{"rendered":"Mazzulla, Tatum&#8217;\u0131n bu sezon d\u00f6n\u00fc\u015f\u00fcne dair \u015f\u00fcphelere a\u00e7\u0131kl\u0131k getirdi"},"content":{"rendered":"<div>Boston Celtics Ba\u015fantren\u00f6r\u00fc Joe Mazzulla, Jayson Tatum&#8217;\u0131n bu d\u00f6nem m\u00fcmk\u00fcn d\u00f6n\u00fc\u015f\u00fcn\u00fcn kadronun muvaffakiyetini sekteye u\u011fratabilece\u011fi taraf\u0131ndaki kayg\u0131lar\u0131 net bir lisanla reddetti.<\/p>\n<p> Mazzulla, Zolak &#038; Bertrand program\u0131na yapt\u0131\u011f\u0131 a\u00e7\u0131klamalarda, Tatum&#8217;\u0131n devam eden sakatl\u0131k s\u00fcrecine ait tela\u015f edilecek bir durum olmad\u0131\u011f\u0131n\u0131 vurgulad\u0131.<\/p>\n<p> <strong>&#8220;Herhangi bir gerileme kelam konusu de\u011fil. S\u00fcre\u00e7 do\u011fal bir bi\u00e7imde ilerliyor. Spor bilimi tak\u0131m\u0131m\u0131za ve etraf\u0131ndaki g\u00fc\u00e7l\u00fc tak\u0131ma g\u00fcveniyorum. Rehabilitasyon s\u00fcrecinde ge\u00e7ilmesi gereken denetim noktalar\u0131 var ve Jayson bunlar\u0131n hepsini muvaffakiyetle tamaml\u0131yor. \u00c7al\u0131\u015fmaya da devam ediyor.&#8221;<\/strong> <\/p>\n<p> Mazzulla, kendi \u00f6nceli\u011finin net oldu\u011funu da kelamlar\u0131na ekledi:<\/p>\n<p> <strong>&#8220;Benim i\u00e7in de\u011ferli olan iki \u015fey var: Bu s\u00fcre\u00e7 boyunca bir insan olarak nas\u0131l hissetti\u011fi ve rehabilitasyon a\u00e7\u0131s\u0131ndan nerede oldu\u011fu. Ayr\u0131yeten bu s\u00fcreci onun i\u00e7in nas\u0131l daha kolay hale getirebilece\u011fimizi de \u00f6nemsiyorum.&#8221;<\/strong><\/p>\n<p> Tatum, ge\u00e7ti\u011fimiz sezonki NBA Playofflar\u0131&#8217;nda ya\u015fad\u0131\u011f\u0131 A\u015fil tendonu y\u0131rt\u0131\u011f\u0131 sonras\u0131nda rehabilitasyon s\u00fcrecini s\u00fcrd\u00fcrmeye devam ediyor. Evvelki raporlara nazaran, y\u0131ld\u0131z oyuncunun g\u00fczelle\u015fme s\u00fcreci epey olumlu ilerliyor.<\/p>\n<p> Bu olumlu gidi\u015fat\u0131n akabinde Tatum, ba\u015flang\u0131\u00e7ta 2025-26 d\u00f6nemi i\u00e7inde alanlara d\u00f6nmeyi hedefliyordu. Lakin son devirde bu planlar\u0131n yine de\u011ferlendirildi\u011fi a\u00e7\u0131kland\u0131.<\/p>\n<p><span>&#8220;D\u00d6N\u00dc\u015e\u00dc B\u0130Z\u0130 DAHA G\u00dcZEL YAPAR&#8221;<\/span><\/p>\n<p> Yak\u0131n vakitte kat\u0131ld\u0131\u011f\u0131 bir podcast yay\u0131n\u0131nda Tatum, bu d\u00f6nem geri d\u00f6n\u00fcp oynamas\u0131n\u0131n gerekli olup olmad\u0131\u011f\u0131 konusunda ku\u015fkular\u0131 oldu\u011funu a\u00e7\u0131k\u00e7a lisana getirdi. Celtics, y\u0131ld\u0131z oyuncusu olmadan da beklenmedik bir muvaffakiyet yakalad\u0131 ve \u015fu anda 29-18&#8217;lik derecesiyle (New York Knicks ile ayn\u0131) Do\u011fu Konferans\u0131&#8217;nda 3. s\u0131rada yer al\u0131yor.<\/p>\n<p> Mazzulla ise Tatum&#8217;\u0131n d\u00f6n\u00fc\u015f\u00fcn\u00fcn &#8220;d\u00fczeni bozabilece\u011fi&#8221; taraf\u0131ndaki niyetlere \u015fu s\u00f6zlerle cevap verdi:<\/p>\n<p> <strong>&#8220;Ben bozulmay\u0131 olumlu bir \u015fey olarak g\u00f6r\u00fcyorum. Geri d\u00f6nmesi bizi yaln\u0131zca daha uygun yapar.&#8221;<\/strong><\/p>\n<p> Tecr\u00fcbeli ko\u00e7 kelamlar\u0131n\u0131 \u015f\u00f6yle s\u00fcrd\u00fcrd\u00fc:<\/p>\n<p> <strong>&#8220;B\u00f6yle bir sakatl\u0131k ve rehabilitasyon s\u00fcrecinde binlerce fikir akl\u0131n\u0131za gelir. Jayson \u00fczere bir oyuncunun en b\u00fcy\u00fck \u00f6zelliklerinden biri; ne durumda oldu\u011funu a\u00e7\u0131k\u00e7a, d\u00fcr\u00fcst\u00e7e ve savunmas\u0131z bir bi\u00e7imde tabir edebilmesi. Bunun de\u011ferini bilmek gerekir. Bunlar \u00e7ok do\u011fal \u015feyler.&#8221;<\/strong><\/p>\n<p> Mazzulla, Tatum&#8217;\u0131n alanlara d\u00f6nmesi halinde grubun net halde g\u00fc\u00e7lenece\u011fini de vurgulad\u0131:<\/p>\n<p> <strong>&#8220;E\u011fer geri d\u00f6nerse, daha g\u00fczel bir grup olaca\u011f\u0131m\u0131z \u00e7ok a\u00e7\u0131k. Bunun \u00f6teki bir ihtimali yok. Olumsuz bir bi\u00e7imde tertip bozmas\u0131ndan korkmamak gerekir. O, alana d\u00f6nd\u00fc\u011f\u00fcnde bunu olumlu manada yapacak; hem hamlede hem savunmada bizi \u00fcst ta\u015f\u0131yacak ve bu d\u00f6nem in\u015fa etti\u011fimiz yap\u0131n\u0131n \u00fczerine katk\u0131 sa\u011flayacak.&#8221;<\/strong><\/p>\n<p> Tatum&#8217;\u0131n sonuncu karar\u0131n\u0131n ne olaca\u011f\u0131 \u015fimdi bilinmezken, Mazzulla ve Celtics idaresi franchise y\u0131ld\u0131zlar\u0131na tam takviye verdiklerini ve d\u00fczg\u00fcnle\u015fme s\u00fcrecine b\u00fcsb\u00fct\u00fcn g\u00fcvendiklerini yineledi.<\/p>\n<p> <strong>&#8220;Zihniyet d\u00f6nem boyunca daima birebirdi,<\/strong>&#8221; diyen Mazzulla, kelamlar\u0131n\u0131 \u015fu formda tamamlad\u0131:<br \/><strong>&#8220;Hen\u00fcz bilmiyoruz. Bu hi\u00e7bir vakit kesin bir evet ya da hay\u0131r olmad\u0131. Yapmam\u0131z gereken tek \u015fey, spor bilimi grubuna g\u00fcvenmek, Jayson&#8217;un geli\u015fimine g\u00fcvenmek, salonda, tedavi masas\u0131nda elinden gelenin en g\u00fczelini yapmas\u0131n\u0131 sa\u011flamak ve m\u00fcmk\u00fcn olan en sa\u011fl\u0131kl\u0131 noktaya ula\u015ft\u0131ktan sonra durumu tekrar k\u0131ymetlendirmek.&#8221;<\/strong><\/p>\n<\/div>\n","protected":false},"excerpt":{"rendered":"<p>Boston Celtics Ba\u015fantren\u00f6r\u00fc Joe Mazzulla, Jayson Tatum&#8217;\u0131n bu d\u00f6nem muhtemel d\u00f6n\u00fc\u015f\u00fcn\u00fcn ekibin muvaffakiyetini sekteye u\u011fratabilece\u011fi taraf\u0131ndaki kayg\u0131lar\u0131 net bir lisanla reddetti.<\/p>\n","protected":false},"author":1,"featured_media":54777,"comment_status":"open","ping_status":"open","sticky":false,"template":"","format":"standard","meta":{"footnotes":""},"categories":[10],"tags":[57,317,2803],"class_list":["post-54776","post","type-post","status-publish","format-standard","has-post-thumbnail","hentry","category-basketbol","tag-sezon","tag-soz","tag-sureci"],"_links":{"self":[{"href":"https:\/\/haberbesiktas.tr\/index.php?rest_route=\/wp\/v2\/posts\/54776","targetHints":{"allow":["GET"]}}],"collection":[{"href":"https:\/\/haberbesiktas.tr\/index.php?rest_route=\/wp\/v2\/posts"}],"about":[{"href":"https:\/\/haberbesiktas.tr\/index.php?rest_route=\/wp\/v2\/types\/post"}],"author":[{"embeddable":true,"href":"https:\/\/haberbesiktas.tr\/index.php?rest_route=\/wp\/v2\/users\/1"}],"replies":[{"embeddable":true,"href":"https:\/\/haberbesiktas.tr\/index.php?rest_route=%2Fwp%2Fv2%2Fcomments&post=54776"}],"version-history":[{"count":1,"href":"https:\/\/haberbesiktas.tr\/index.php?rest_route=\/wp\/v2\/posts\/54776\/revisions"}],"predecessor-version":[{"id":54778,"href":"https:\/\/haberbesiktas.tr\/index.php?rest_route=\/wp\/v2\/posts\/54776\/revisions\/54778"}],"wp:featuredmedia":[{"embeddable":true,"href":"https:\/\/haberbesiktas.tr\/index.php?rest_route=\/wp\/v2\/media\/54777"}],"wp:attachment":[{"href":"https:\/\/haberbesiktas.tr\/index.php?rest_route=%2Fwp%2Fv2%2Fmedia&parent=54776"}],"wp:term":[{"taxonomy":"category","embeddable":true,"href":"https:\/\/haberbesiktas.tr\/index.php?rest_route=%2Fwp%2Fv2%2Fcategories&post=54776"},{"taxonomy":"post_tag","embeddable":true,"href":"https:\/\/haberbesiktas.tr\/index.php?rest_route=%2Fwp%2Fv2%2Ftags&post=54776"}],"curies":[{"name":"wp","href":"https:\/\/api.w.org\/{rel}","templated":true}]}}