{"id":54800,"date":"2026-01-30T21:24:05","date_gmt":"2026-01-30T21:24:05","guid":{"rendered":"https:\/\/haberbesiktas.tr\/?p=54800"},"modified":"2026-01-30T21:24:05","modified_gmt":"2026-01-30T21:24:05","slug":"altayda-yusuf-simsek-donemi-sona-erdi","status":"publish","type":"post","link":"https:\/\/haberbesiktas.tr\/?p=54800","title":{"rendered":"Altay&#8217;da Yusuf \u015eim\u015fek d\u00f6nemi sona erdi"},"content":{"rendered":"<div><span>TFF 3&#8217;\u00fcnc\u00fc Lig 4&#8217;\u00fcnc\u00fc K\u00fcme&#8217;de 31 Ocak Cumartesi g\u00fcn\u00fc deplasmanda Eski\u015fehirspor&#8217;la kar\u015f\u0131la\u015facak Altay&#8217;da teknik y\u00f6netici Yusuf \u015eim\u015fek&#8217;le yollar bug\u00fcn resmen ayr\u0131ld\u0131. Siyah-beyazl\u0131 idareyle bir ortaya gelen deneyimli teknik adam mukavelesini kar\u015f\u0131l\u0131kl\u0131 anla\u015farak feshetti. Teknik i\u015fveren \u015eim\u015fek&#8217;in kontrat\u0131n\u0131n feshi T\u00fcrkiye Futbol Federasyonu&#8217;na da bildirildi. <\/p>\n<p>Altay&#8217;daki ikinci devri sona eren \u015eim\u015fek, kadronun ba\u015f\u0131nda \u00e7\u0131kt\u0131\u011f\u0131 15 ma\u00e7ta 6 galibiyet, 2 beraberlik, 7 yenilgi g\u00f6rerek 1.33 puan ortalamas\u0131 yakalad\u0131. Yusuf \u015eim\u015fek, siyah-beyazl\u0131larda Ramazan Kur\u015funlu&#8217;nun yerine 4&#8217;\u00fcnc\u00fc haftada misyona gelmi\u015fti. <\/p>\n<p>Altay idaresinin yeni teknik y\u00f6netici aray\u0131\u015flar\u0131na ba\u015flad\u0131\u011f\u0131 tabir edildi<\/span><\/div>\n","protected":false},"excerpt":{"rendered":"<p>Yusuf \u015eim\u015fek ile Altay idaresi, kar\u015f\u0131l\u0131kl\u0131 anla\u015farak yollar\u0131n\u0131 ay\u0131rd\u0131<\/p>\n","protected":false},"author":1,"featured_media":54801,"comment_status":"open","ping_status":"open","sticky":false,"template":"","format":"standard","meta":{"footnotes":""},"categories":[25],"tags":[],"class_list":["post-54800","post","type-post","status-publish","format-standard","has-post-thumbnail","hentry","category-futbol"],"_links":{"self":[{"href":"https:\/\/haberbesiktas.tr\/index.php?rest_route=\/wp\/v2\/posts\/54800","targetHints":{"allow":["GET"]}}],"collection":[{"href":"https:\/\/haberbesiktas.tr\/index.php?rest_route=\/wp\/v2\/posts"}],"about":[{"href":"https:\/\/haberbesiktas.tr\/index.php?rest_route=\/wp\/v2\/types\/post"}],"author":[{"embeddable":true,"href":"https:\/\/haberbesiktas.tr\/index.php?rest_route=\/wp\/v2\/users\/1"}],"replies":[{"embeddable":true,"href":"https:\/\/haberbesiktas.tr\/index.php?rest_route=%2Fwp%2Fv2%2Fcomments&post=54800"}],"version-history":[{"count":1,"href":"https:\/\/haberbesiktas.tr\/index.php?rest_route=\/wp\/v2\/posts\/54800\/revisions"}],"predecessor-version":[{"id":54802,"href":"https:\/\/haberbesiktas.tr\/index.php?rest_route=\/wp\/v2\/posts\/54800\/revisions\/54802"}],"wp:featuredmedia":[{"embeddable":true,"href":"https:\/\/haberbesiktas.tr\/index.php?rest_route=\/wp\/v2\/media\/54801"}],"wp:attachment":[{"href":"https:\/\/haberbesiktas.tr\/index.php?rest_route=%2Fwp%2Fv2%2Fmedia&parent=54800"}],"wp:term":[{"taxonomy":"category","embeddable":true,"href":"https:\/\/haberbesiktas.tr\/index.php?rest_route=%2Fwp%2Fv2%2Fcategories&post=54800"},{"taxonomy":"post_tag","embeddable":true,"href":"https:\/\/haberbesiktas.tr\/index.php?rest_route=%2Fwp%2Fv2%2Ftags&post=54800"}],"curies":[{"name":"wp","href":"https:\/\/api.w.org\/{rel}","templated":true}]}}