{"id":54803,"date":"2026-01-30T21:36:05","date_gmt":"2026-01-30T21:36:05","guid":{"rendered":"https:\/\/haberbesiktas.tr\/?p=54803"},"modified":"2026-01-30T21:36:05","modified_gmt":"2026-01-30T21:36:05","slug":"damien-comolli-galatasaraya-karsi-favori-degiliz","status":"publish","type":"post","link":"https:\/\/haberbesiktas.tr\/?p=54803","title":{"rendered":"Damien Comolli: &#8220;Galatasaray&#8217;a kar\u015f\u0131 favori de\u011filiz&#8221;"},"content":{"rendered":"<div>Juventus CEO&#8217;su Damien Comolli, UEFA \u015eampiyonlar Ligi play-off tipinde Galatasaray ile e\u015fle\u015fmelerinin akabinde a\u00e7\u0131klamalarda bulundu.<\/p>\n<p> Rakip kim olursa olsun kuvvetli bir m\u00fcsabaka beklediklerini belirten Comolli, &#8220;Kura \u00e7ekilmeden evvel, rakip kim olursa olsun \u015fiddetli bir e\u015fle\u015fme olaca\u011f\u0131n\u0131 biliyorduk. \u0130stanbul&#8217;a gitmek heyecan verici olacak, stadyumda inan\u0131lmaz bir atmosfer bulaca\u011f\u0131z.&#8221; dedi.<\/p>\n<p> <strong>&#8220;JUVENTUS&#8217;U G\u00dcZEL TANIYORLAR&#8221;<\/strong> <\/p>\n<p> \u015eampiyonlar Ligi d\u00fczeyindeki m\u00fcsabakalara al\u0131\u015fk\u0131n oyuncularla u\u011fra\u015f edeceklerini kaydeden Frans\u0131z y\u00f6netici, &#8220;\u015eampiyonlar Ligi&#8217;nde bu \u00e7e\u015fit ma\u00e7lara al\u0131\u015fk\u0131n, turnuvay\u0131 ve Juventus&#8217;u uygun tan\u0131yan oyuncularla kar\u015f\u0131la\u015faca\u011f\u0131z. \u00c7ok \u00e7eki\u015fmeli bir \u00e7aba olacak.&#8221; tabirlerini kulland\u0131.<\/p>\n<p> <strong>&#8220;BENCE BU E\u015eLE\u015eMEDE FAVOR\u0130 YOK!&#8221;<\/strong><\/p>\n<p> Damien Comolli, &#8220;R\u00f6van\u015f\u0131 konutumuzda oynayaca\u011f\u0131m\u0131z i\u00e7in memnunuz ve bence favori yok: iki ma\u00e7 da heyecan verici olacak.&#8221; kelamlar\u0131yla konu\u015fmas\u0131n\u0131 noktalad\u0131.<\/p>\n<\/div>\n","protected":false},"excerpt":{"rendered":"<p>Juventus CEO&#8217;su Damien Comolli, Galatasaray e\u015fle\u015fmesiyle ilgili yorum yapt\u0131.<\/p>\n","protected":false},"author":1,"featured_media":54804,"comment_status":"open","ping_status":"open","sticky":false,"template":"","format":"standard","meta":{"footnotes":""},"categories":[25],"tags":[],"class_list":["post-54803","post","type-post","status-publish","format-standard","has-post-thumbnail","hentry","category-futbol"],"_links":{"self":[{"href":"https:\/\/haberbesiktas.tr\/index.php?rest_route=\/wp\/v2\/posts\/54803","targetHints":{"allow":["GET"]}}],"collection":[{"href":"https:\/\/haberbesiktas.tr\/index.php?rest_route=\/wp\/v2\/posts"}],"about":[{"href":"https:\/\/haberbesiktas.tr\/index.php?rest_route=\/wp\/v2\/types\/post"}],"author":[{"embeddable":true,"href":"https:\/\/haberbesiktas.tr\/index.php?rest_route=\/wp\/v2\/users\/1"}],"replies":[{"embeddable":true,"href":"https:\/\/haberbesiktas.tr\/index.php?rest_route=%2Fwp%2Fv2%2Fcomments&post=54803"}],"version-history":[{"count":1,"href":"https:\/\/haberbesiktas.tr\/index.php?rest_route=\/wp\/v2\/posts\/54803\/revisions"}],"predecessor-version":[{"id":54805,"href":"https:\/\/haberbesiktas.tr\/index.php?rest_route=\/wp\/v2\/posts\/54803\/revisions\/54805"}],"wp:featuredmedia":[{"embeddable":true,"href":"https:\/\/haberbesiktas.tr\/index.php?rest_route=\/wp\/v2\/media\/54804"}],"wp:attachment":[{"href":"https:\/\/haberbesiktas.tr\/index.php?rest_route=%2Fwp%2Fv2%2Fmedia&parent=54803"}],"wp:term":[{"taxonomy":"category","embeddable":true,"href":"https:\/\/haberbesiktas.tr\/index.php?rest_route=%2Fwp%2Fv2%2Fcategories&post=54803"},{"taxonomy":"post_tag","embeddable":true,"href":"https:\/\/haberbesiktas.tr\/index.php?rest_route=%2Fwp%2Fv2%2Ftags&post=54803"}],"curies":[{"name":"wp","href":"https:\/\/api.w.org\/{rel}","templated":true}]}}