{"id":54806,"date":"2026-01-30T21:48:11","date_gmt":"2026-01-30T21:48:11","guid":{"rendered":"https:\/\/haberbesiktas.tr\/?p=54806"},"modified":"2026-01-30T21:48:11","modified_gmt":"2026-01-30T21:48:11","slug":"felipe-melodan-galatasaraya-mesaj-tarih-yazalim","status":"publish","type":"post","link":"https:\/\/haberbesiktas.tr\/?p=54806","title":{"rendered":"Felipe Melo&#8217;dan Galatasaray&#8217;a mesaj: &#8220;Tarih yazal\u0131m&#8221;"},"content":{"rendered":"<div>Galatasaray&#8217;\u0131n eski y\u0131ld\u0131z\u0131 Felipe Melo, sar\u0131-k\u0131rm\u0131z\u0131l\u0131lar ile ilgili payla\u015f\u0131m yapt\u0131.<\/p>\n<p> Galatasaray&#8217;\u0131n Juventus&#8217;u ma\u011flup etti\u011fi 2013-2014 d\u00f6neminde tak\u0131mda yer alan Felipe Melo, sar\u0131-k\u0131rm\u0131z\u0131l\u0131lar\u0131n \u015eampiyonlar Ligi&#8217;nde \u0130talyan grubuyla e\u015fle\u015fmesinin akabinde, &#8220;Haydi, daha evvel yapt\u0131\u011f\u0131m\u0131z \u00fczere tekrar bir tarih yazal\u0131m. Tarihinden alaca\u011f\u0131n g\u00fc\u00e7le bunu tekrar ba\u015farabilirsin, ulu Galatasaray!&#8221; payla\u015f\u0131m\u0131 yapt\u0131.<\/p>\n<p> Payla\u015f\u0131m\u0131na sar\u0131-k\u0131rm\u0131z\u0131 kalp emojileri de ekleyen Melo&#8217;nun bu payla\u015f\u0131m\u0131 \u00e7ok say\u0131da be\u011feni ve yorum ald\u0131.<\/p>\n<p><img decoding=\"async\" src=\"https:\/\/haberbesiktas.tr\/wp-content\/uploads\/2026\/01\/felipe-melodan-galatasaraya-mesaj-tarih-yazalim-0-FJ287qRF.jpg\"\/><\/p>\n<p><img decoding=\"async\" src=\"https:\/\/haberbesiktas.tr\/wp-content\/uploads\/2026\/01\/felipe-melodan-galatasaraya-mesaj-tarih-yazalim-1-espIgdiR.jpg\"\/><\/p>\n<\/div>\n","protected":false},"excerpt":{"rendered":"<p>Galatasaray&#8217;\u0131n eski y\u0131ld\u0131z\u0131 Felipe Melo, \u015eampiyonlar Ligi&#8217;ndeki Juventus e\u015fle\u015fmesinin akabinde sar\u0131-k\u0131rm\u0131z\u0131l\u0131lara bildiri g\u00f6nderdi.<\/p>\n","protected":false},"author":1,"featured_media":54807,"comment_status":"open","ping_status":"open","sticky":false,"template":"","format":"standard","meta":{"footnotes":""},"categories":[25],"tags":[],"class_list":["post-54806","post","type-post","status-publish","format-standard","has-post-thumbnail","hentry","category-futbol"],"_links":{"self":[{"href":"https:\/\/haberbesiktas.tr\/index.php?rest_route=\/wp\/v2\/posts\/54806","targetHints":{"allow":["GET"]}}],"collection":[{"href":"https:\/\/haberbesiktas.tr\/index.php?rest_route=\/wp\/v2\/posts"}],"about":[{"href":"https:\/\/haberbesiktas.tr\/index.php?rest_route=\/wp\/v2\/types\/post"}],"author":[{"embeddable":true,"href":"https:\/\/haberbesiktas.tr\/index.php?rest_route=\/wp\/v2\/users\/1"}],"replies":[{"embeddable":true,"href":"https:\/\/haberbesiktas.tr\/index.php?rest_route=%2Fwp%2Fv2%2Fcomments&post=54806"}],"version-history":[{"count":1,"href":"https:\/\/haberbesiktas.tr\/index.php?rest_route=\/wp\/v2\/posts\/54806\/revisions"}],"predecessor-version":[{"id":54810,"href":"https:\/\/haberbesiktas.tr\/index.php?rest_route=\/wp\/v2\/posts\/54806\/revisions\/54810"}],"wp:featuredmedia":[{"embeddable":true,"href":"https:\/\/haberbesiktas.tr\/index.php?rest_route=\/wp\/v2\/media\/54807"}],"wp:attachment":[{"href":"https:\/\/haberbesiktas.tr\/index.php?rest_route=%2Fwp%2Fv2%2Fmedia&parent=54806"}],"wp:term":[{"taxonomy":"category","embeddable":true,"href":"https:\/\/haberbesiktas.tr\/index.php?rest_route=%2Fwp%2Fv2%2Fcategories&post=54806"},{"taxonomy":"post_tag","embeddable":true,"href":"https:\/\/haberbesiktas.tr\/index.php?rest_route=%2Fwp%2Fv2%2Ftags&post=54806"}],"curies":[{"name":"wp","href":"https:\/\/api.w.org\/{rel}","templated":true}]}}