{"id":54811,"date":"2026-01-30T22:00:11","date_gmt":"2026-01-30T22:00:11","guid":{"rendered":"https:\/\/haberbesiktas.tr\/?p=54811"},"modified":"2026-01-30T22:00:11","modified_gmt":"2026-01-30T22:00:11","slug":"emir-ortakaya-rizespora-gitti","status":"publish","type":"post","link":"https:\/\/haberbesiktas.tr\/?p=54811","title":{"rendered":"Emir Ortakaya, Rizespor&#8217;a gitti"},"content":{"rendered":"<div>Rizespor, Fenerbah\u00e7e&#8217;den Buyruk Ortakaya&#8217;y\u0131 tak\u0131m\u0131na katt\u0131\u011f\u0131n\u0131 a\u00e7\u0131klad\u0131.<\/p>\n<p> Karadeniz temsilcisi, d\u00f6nemin birinci yar\u0131s\u0131n\u0131 Ey\u00fcpspor&#8217;da kiral\u0131k olarak ge\u00e7iren Buyruk Ortakaya ile 2.5 y\u0131ll\u0131k mukavele imzaland\u0131\u011f\u0131n\u0131 duyurdu.<\/p>\n<p> <strong>Rizespor&#8217;un a\u00e7\u0131klamas\u0131 \u015fu formda:<\/strong> <\/p>\n<p> &#8220;Emir Ortakaya \u00c7aykur Rizespor&#8217;da<\/p>\n<p> \u00c7aykur Rizespor&#8217;umuz, Fenerbah\u00e7e&#8217;den Buyruk Ortakaya ile 2,5 d\u00f6nemlik muahede imzalad\u0131.<\/p>\n<p> Ligin birinci yar\u0131s\u0131n\u0131 Ey\u00fcpspor&#8217;da kiral\u0131k olarak oynayan Buyruk Ortakaya bu kul\u00fcp ile mukavelesini sonland\u0131rmas\u0131n\u0131n akabinde kul\u00fcb\u00fcm\u00fcz Fenerbah\u00e7e ile mutabakata varm\u0131\u015f akabinde defans oyuncusu, kendisini 2,5 y\u0131ll\u0131\u011f\u0131na ye\u015fil mavili renklerimize ba\u011flayan mukaveleyi imzalam\u0131\u015ft\u0131r.<\/p>\n<p> Buyruk Ortakaya, 36 kere gen\u00e7 ulusal kadrolarda forma giydi.<\/p>\n<p> Yeni transferimiz Buyruk Ortakaya&#8217;ya &#8220;Ho\u015f geldin&#8221; diyor, muvaffakiyetler diliyoruz.&#8221;<\/p>\n<p><img decoding=\"async\" src=\"https:\/\/haberbesiktas.tr\/wp-content\/uploads\/2026\/01\/emir-ortakaya-rizespora-gitti-0-Echk3JuC.jpg\"\/><\/p>\n<\/div>\n","protected":false},"excerpt":{"rendered":"<p>Rizespor, Fenerbah\u00e7e&#8217;den stoper Buyruk Ortakaya&#8217;y\u0131 tak\u0131m\u0131na katt\u0131\u011f\u0131n\u0131 a\u00e7\u0131klad\u0131.<\/p>\n","protected":false},"author":1,"featured_media":54812,"comment_status":"open","ping_status":"open","sticky":false,"template":"","format":"standard","meta":{"footnotes":""},"categories":[25],"tags":[3994],"class_list":["post-54811","post","type-post","status-publish","format-standard","has-post-thumbnail","hentry","category-futbol","tag-emir-ortakaya"],"_links":{"self":[{"href":"https:\/\/haberbesiktas.tr\/index.php?rest_route=\/wp\/v2\/posts\/54811","targetHints":{"allow":["GET"]}}],"collection":[{"href":"https:\/\/haberbesiktas.tr\/index.php?rest_route=\/wp\/v2\/posts"}],"about":[{"href":"https:\/\/haberbesiktas.tr\/index.php?rest_route=\/wp\/v2\/types\/post"}],"author":[{"embeddable":true,"href":"https:\/\/haberbesiktas.tr\/index.php?rest_route=\/wp\/v2\/users\/1"}],"replies":[{"embeddable":true,"href":"https:\/\/haberbesiktas.tr\/index.php?rest_route=%2Fwp%2Fv2%2Fcomments&post=54811"}],"version-history":[{"count":1,"href":"https:\/\/haberbesiktas.tr\/index.php?rest_route=\/wp\/v2\/posts\/54811\/revisions"}],"predecessor-version":[{"id":54814,"href":"https:\/\/haberbesiktas.tr\/index.php?rest_route=\/wp\/v2\/posts\/54811\/revisions\/54814"}],"wp:featuredmedia":[{"embeddable":true,"href":"https:\/\/haberbesiktas.tr\/index.php?rest_route=\/wp\/v2\/media\/54812"}],"wp:attachment":[{"href":"https:\/\/haberbesiktas.tr\/index.php?rest_route=%2Fwp%2Fv2%2Fmedia&parent=54811"}],"wp:term":[{"taxonomy":"category","embeddable":true,"href":"https:\/\/haberbesiktas.tr\/index.php?rest_route=%2Fwp%2Fv2%2Fcategories&post=54811"},{"taxonomy":"post_tag","embeddable":true,"href":"https:\/\/haberbesiktas.tr\/index.php?rest_route=%2Fwp%2Fv2%2Ftags&post=54811"}],"curies":[{"name":"wp","href":"https:\/\/api.w.org\/{rel}","templated":true}]}}