{"id":54818,"date":"2026-01-30T22:24:05","date_gmt":"2026-01-30T22:24:05","guid":{"rendered":"https:\/\/haberbesiktas.tr\/?p=54818"},"modified":"2026-01-30T22:24:05","modified_gmt":"2026-01-30T22:24:05","slug":"trabzonsporda-ayrilik-cihan-canak","status":"publish","type":"post","link":"https:\/\/haberbesiktas.tr\/?p=54818","title":{"rendered":"Trabzonspor&#8217;da ayr\u0131l\u0131k: Cihan \u00c7anak"},"content":{"rendered":"<div>Trabzonspor, Cihan \u00c7anak ile ayr\u0131l\u0131\u011f\u0131 a\u00e7\u0131klad\u0131.<\/p>\n<p> Bordo-mavililer, 21 ya\u015f\u0131ndaki Cihan \u00c7anak&#8217;\u0131n S\u00fcper Lig tak\u0131mlar\u0131ndan Gen\u00e7lerbirli\u011fi&#8217;ne kiraland\u0131\u011f\u0131n\u0131 TFF&#8217;ye bildirdi. Cihan \u00c7anak, d\u00f6nem sonuna kadar kiral\u0131k olarak Gen\u00e7lerbirli\u011fi&#8217;nde forma giyecek.<\/p>\n<p> Trabzonspor&#8217;da d\u00f6nemin birinci yar\u0131s\u0131nda 8 ma\u00e7ta m\u00fcddet bulan Cihan \u00c7anak, 1 asist yapt\u0131.<\/p>\n<p><img decoding=\"async\" src=\"https:\/\/haberbesiktas.tr\/wp-content\/uploads\/2026\/01\/trabzonsporda-ayrilik-cihan-canak-0-uS9YCYDf.jpg\"\/><\/p>\n<\/div>\n","protected":false},"excerpt":{"rendered":"<p>Trabzonspor, 21 ya\u015f\u0131ndaki gen\u00e7 kanat oyuncusu Cihan \u00c7anak&#8217;\u0131 Gen\u00e7lerbirli\u011fi&#8217;ne kiralad\u0131.<\/p>\n","protected":false},"author":1,"featured_media":54819,"comment_status":"open","ping_status":"open","sticky":false,"template":"","format":"standard","meta":{"footnotes":""},"categories":[25],"tags":[],"class_list":["post-54818","post","type-post","status-publish","format-standard","has-post-thumbnail","hentry","category-futbol"],"_links":{"self":[{"href":"https:\/\/haberbesiktas.tr\/index.php?rest_route=\/wp\/v2\/posts\/54818","targetHints":{"allow":["GET"]}}],"collection":[{"href":"https:\/\/haberbesiktas.tr\/index.php?rest_route=\/wp\/v2\/posts"}],"about":[{"href":"https:\/\/haberbesiktas.tr\/index.php?rest_route=\/wp\/v2\/types\/post"}],"author":[{"embeddable":true,"href":"https:\/\/haberbesiktas.tr\/index.php?rest_route=\/wp\/v2\/users\/1"}],"replies":[{"embeddable":true,"href":"https:\/\/haberbesiktas.tr\/index.php?rest_route=%2Fwp%2Fv2%2Fcomments&post=54818"}],"version-history":[{"count":1,"href":"https:\/\/haberbesiktas.tr\/index.php?rest_route=\/wp\/v2\/posts\/54818\/revisions"}],"predecessor-version":[{"id":54821,"href":"https:\/\/haberbesiktas.tr\/index.php?rest_route=\/wp\/v2\/posts\/54818\/revisions\/54821"}],"wp:featuredmedia":[{"embeddable":true,"href":"https:\/\/haberbesiktas.tr\/index.php?rest_route=\/wp\/v2\/media\/54819"}],"wp:attachment":[{"href":"https:\/\/haberbesiktas.tr\/index.php?rest_route=%2Fwp%2Fv2%2Fmedia&parent=54818"}],"wp:term":[{"taxonomy":"category","embeddable":true,"href":"https:\/\/haberbesiktas.tr\/index.php?rest_route=%2Fwp%2Fv2%2Fcategories&post=54818"},{"taxonomy":"post_tag","embeddable":true,"href":"https:\/\/haberbesiktas.tr\/index.php?rest_route=%2Fwp%2Fv2%2Ftags&post=54818"}],"curies":[{"name":"wp","href":"https:\/\/api.w.org\/{rel}","templated":true}]}}