{"id":54822,"date":"2026-01-30T22:36:05","date_gmt":"2026-01-30T22:36:05","guid":{"rendered":"https:\/\/haberbesiktas.tr\/?p=54822"},"modified":"2026-01-30T22:36:05","modified_gmt":"2026-01-30T22:36:05","slug":"haciosmanoglu-operasyon-gecirdi","status":"publish","type":"post","link":"https:\/\/haberbesiktas.tr\/?p=54822","title":{"rendered":"Hac\u0131osmano\u011flu operasyon ge\u00e7irdi"},"content":{"rendered":"<div>\n<div>\n<div><span>T\u00fcrkiye Futbol Federasyonu (TFF) Ba\u015fkan\u0131 \u0130brahim Hac\u0131osmano\u011flu&#8217;na EVAR s\u00fcreci uyguland\u0131\u011f\u0131 duyuruldu.<\/span><\/div>\n<\/p><\/div>\n<div>\n<div> TFF&#8217;den yap\u0131lan a\u00e7\u0131klamada, <strong>&#8220;Kar\u0131n aort damar\u0131nda 2017 y\u0131l\u0131nda saptanan geni\u015fleme nedeniyle &#8216;stent greft&#8217; uygulanan federasyon liderimiz \u0130brahim Hac\u0131osmano\u011flu&#8217;na, ge\u00e7ti\u011fimiz g\u00fcnlerde yap\u0131lan denetimlerinde yine m\u00fcdahale ihtiyac\u0131 ortaya \u00e7\u0131km\u0131\u015ft\u0131r. Bunun \u00fczerine liderimiz Hac\u0131osmano\u011flu&#8217;na, Yeditepe \u00dcniversitesi Ko\u015fuyolu Hastanesi&#8217;nde Prof. Dr. Cemil Selim \u0130\u015fbir taraf\u0131ndan kapal\u0131 yolla EVAR s\u00fcreci uygulanm\u0131\u015f ve daha evvel yerle\u015ftirilen &#8216;stent greft&#8217;te revizyon ger\u00e7ekle\u015ftirilmi\u015ftir. Muvaffakiyetle tamamlanan operasyonun akabinde hastanede yak\u0131ndan takibi yap\u0131lan Hac\u0131osmano\u011flu, sa\u011fl\u0131kl\u0131 bir bi\u00e7imde taburcu edilmi\u015ftir.&#8221;<\/strong> tabirleri kullan\u0131ld\u0131.<\/p><\/div>\n<\/p><\/div>\n<\/div>\n","protected":false},"excerpt":{"rendered":"<p>TFF Ba\u015fkan\u0131 \u0130brahim Hac\u0131osmano\u011flu&#8217;na ba\u015far\u0131l\u0131 bir EVAR s\u00fcreci uyguland\u0131<\/p>\n","protected":false},"author":1,"featured_media":54823,"comment_status":"open","ping_status":"open","sticky":false,"template":"","format":"standard","meta":{"footnotes":""},"categories":[25],"tags":[],"class_list":["post-54822","post","type-post","status-publish","format-standard","has-post-thumbnail","hentry","category-futbol"],"_links":{"self":[{"href":"https:\/\/haberbesiktas.tr\/index.php?rest_route=\/wp\/v2\/posts\/54822","targetHints":{"allow":["GET"]}}],"collection":[{"href":"https:\/\/haberbesiktas.tr\/index.php?rest_route=\/wp\/v2\/posts"}],"about":[{"href":"https:\/\/haberbesiktas.tr\/index.php?rest_route=\/wp\/v2\/types\/post"}],"author":[{"embeddable":true,"href":"https:\/\/haberbesiktas.tr\/index.php?rest_route=\/wp\/v2\/users\/1"}],"replies":[{"embeddable":true,"href":"https:\/\/haberbesiktas.tr\/index.php?rest_route=%2Fwp%2Fv2%2Fcomments&post=54822"}],"version-history":[{"count":1,"href":"https:\/\/haberbesiktas.tr\/index.php?rest_route=\/wp\/v2\/posts\/54822\/revisions"}],"predecessor-version":[{"id":54824,"href":"https:\/\/haberbesiktas.tr\/index.php?rest_route=\/wp\/v2\/posts\/54822\/revisions\/54824"}],"wp:featuredmedia":[{"embeddable":true,"href":"https:\/\/haberbesiktas.tr\/index.php?rest_route=\/wp\/v2\/media\/54823"}],"wp:attachment":[{"href":"https:\/\/haberbesiktas.tr\/index.php?rest_route=%2Fwp%2Fv2%2Fmedia&parent=54822"}],"wp:term":[{"taxonomy":"category","embeddable":true,"href":"https:\/\/haberbesiktas.tr\/index.php?rest_route=%2Fwp%2Fv2%2Fcategories&post=54822"},{"taxonomy":"post_tag","embeddable":true,"href":"https:\/\/haberbesiktas.tr\/index.php?rest_route=%2Fwp%2Fv2%2Ftags&post=54822"}],"curies":[{"name":"wp","href":"https:\/\/api.w.org\/{rel}","templated":true}]}}