{"id":54828,"date":"2026-01-30T23:00:15","date_gmt":"2026-01-30T23:00:15","guid":{"rendered":"https:\/\/haberbesiktas.tr\/?p=54828"},"modified":"2026-01-30T23:00:15","modified_gmt":"2026-01-30T23:00:15","slug":"galatasaray-zakaria-icin-nabiz-yokladi","status":"publish","type":"post","link":"https:\/\/haberbesiktas.tr\/?p=54828","title":{"rendered":"Galatasaray, Zakaria i\u00e7in nab\u0131z yoklad\u0131"},"content":{"rendered":"<div>Galatasaray&#8217;da orta saha transferi i\u00e7in aray\u0131\u015flar devam ediyor.<\/p>\n<p> <strong>GALATASARAY&#8217;DAN HAMLE<\/strong><\/p>\n<p> Sar\u0131-k\u0131rm\u0131z\u0131l\u0131lardan daha evvel de g\u00fcndeme gelen Denis Zakaria i\u00e7in at\u0131l\u0131m geldi.<\/p>\n<p> Galatasaray, Monaco formas\u0131 giyen Denis Zakaria&#8217;n\u0131n temsilcisiyle bir g\u00f6r\u00fc\u015fme ger\u00e7ekle\u015ftirdi.<\/p>\n<p> Monaco, Zakaria&#8217;n\u0131n transferine s\u0131rf astronomik bir bedel kar\u015f\u0131l\u0131\u011f\u0131nda m\u00fcsaade vermeyi planl\u0131yor.<\/p>\n<p> <strong>SEZON PERFORMANSI<\/strong><\/p>\n<p> 29 ya\u015f\u0131ndaki orta saha oyuncusu, bu d\u00f6nem Monaco&#8217;da 15 ma\u00e7ta 3 asist yapt\u0131.<\/p>\n<p> <strong>P\u0130YASA KIYMET\u0130, S\u00d6ZLE\u015eMES\u0130<\/strong><\/p>\n<p> Yeni piyasa pahas\u0131 25 milyon euro olarak g\u00f6sterilen \u0130svi\u00e7reli futbolcunun, Monaco ile 2028 y\u0131l\u0131na kadar mukavelesi bulunuyor.<\/p>\n<\/div>\n","protected":false},"excerpt":{"rendered":"<p>Galatasaray, Monaco formas\u0131 giyen Denis Zakaria&#8217;n\u0131n temsilcisiyle bir g\u00f6r\u00fc\u015fme ger\u00e7ekle\u015ftirdi. Monaco, Zakaria&#8217;n\u0131n transferine sadece astronomik bir bedel kar\u015f\u0131l\u0131\u011f\u0131nda m\u00fcsaade vermeyi planl\u0131yor.<\/p>\n","protected":false},"author":1,"featured_media":54829,"comment_status":"open","ping_status":"open","sticky":false,"template":"","format":"standard","meta":{"footnotes":""},"categories":[25],"tags":[],"class_list":["post-54828","post","type-post","status-publish","format-standard","has-post-thumbnail","hentry","category-futbol"],"_links":{"self":[{"href":"https:\/\/haberbesiktas.tr\/index.php?rest_route=\/wp\/v2\/posts\/54828","targetHints":{"allow":["GET"]}}],"collection":[{"href":"https:\/\/haberbesiktas.tr\/index.php?rest_route=\/wp\/v2\/posts"}],"about":[{"href":"https:\/\/haberbesiktas.tr\/index.php?rest_route=\/wp\/v2\/types\/post"}],"author":[{"embeddable":true,"href":"https:\/\/haberbesiktas.tr\/index.php?rest_route=\/wp\/v2\/users\/1"}],"replies":[{"embeddable":true,"href":"https:\/\/haberbesiktas.tr\/index.php?rest_route=%2Fwp%2Fv2%2Fcomments&post=54828"}],"version-history":[{"count":1,"href":"https:\/\/haberbesiktas.tr\/index.php?rest_route=\/wp\/v2\/posts\/54828\/revisions"}],"predecessor-version":[{"id":54830,"href":"https:\/\/haberbesiktas.tr\/index.php?rest_route=\/wp\/v2\/posts\/54828\/revisions\/54830"}],"wp:featuredmedia":[{"embeddable":true,"href":"https:\/\/haberbesiktas.tr\/index.php?rest_route=\/wp\/v2\/media\/54829"}],"wp:attachment":[{"href":"https:\/\/haberbesiktas.tr\/index.php?rest_route=%2Fwp%2Fv2%2Fmedia&parent=54828"}],"wp:term":[{"taxonomy":"category","embeddable":true,"href":"https:\/\/haberbesiktas.tr\/index.php?rest_route=%2Fwp%2Fv2%2Fcategories&post=54828"},{"taxonomy":"post_tag","embeddable":true,"href":"https:\/\/haberbesiktas.tr\/index.php?rest_route=%2Fwp%2Fv2%2Ftags&post=54828"}],"curies":[{"name":"wp","href":"https:\/\/api.w.org\/{rel}","templated":true}]}}