{"id":54831,"date":"2026-01-30T23:12:06","date_gmt":"2026-01-30T23:12:06","guid":{"rendered":"https:\/\/haberbesiktas.tr\/?p=54831"},"modified":"2026-01-30T23:12:06","modified_gmt":"2026-01-30T23:12:06","slug":"fenerbahce-ayriligi-acikladi-livakovic","status":"publish","type":"post","link":"https:\/\/haberbesiktas.tr\/?p=54831","title":{"rendered":"Fenerbah\u00e7e ayr\u0131l\u0131\u011f\u0131 a\u00e7\u0131klad\u0131: Livakovic"},"content":{"rendered":"<div>\n<p>Fenerbah\u00e7e&#8217;nin H\u0131rvat kalecisi <strong>Dominik Livakovic,<\/strong> d\u00f6nem sonuna kadar eski kul\u00fcb\u00fc Dinamo Zagreb&#8217;e kiraland\u0131.<\/p>\n<p><strong>\u0130\u015fte Fenerbah\u00e7e&#8217;den yap\u0131lan a\u00e7\u0131klama:<\/strong><\/p>\n<p>&#8220;<span>\u0130spanya&#8217;n\u0131n Girona kul\u00fcb\u00fcnde kiral\u0131k olarak forma giyen kalecimiz Dominik Livakovic&#8217;in d\u00f6nem sonuna kadar olan s\u00fcreksiz transfer kontrat\u0131 kar\u015f\u0131l\u0131kl\u0131 g\u00f6r\u00fc\u015fmeler sonucunda feshedilmi\u015f olup, oyuncumuzun d\u00f6nem sonuna kadar GNK Dinamo Zagreb&#8217;e s\u00fcreksiz transferi konusunda mutabakata var\u0131lm\u0131\u015ft\u0131r.&#8221;<\/span><\/p>\n<p><strong>250 B\u0130N EURO K\u0130RALAMA \u00dcCRET\u0130<\/strong><\/p>\n<p> H\u0131rvatistan&#8217;dan Dnevnik&#8217;in haberine nazaran; H\u0131rvat kaleci Dominik Livakovic&#8217;in kiral\u0131k transferi kapsam\u0131nda Dinamo Zagreb, d\u00f6nem sonuna kadar yakla\u015f\u0131k <strong>250 bin Euro&#8217;luk<\/strong> bir \u00f6deme yapacak.<\/p>\n<p> <strong>MAA\u015eINDA \u0130ND\u0130R\u0130ME G\u0130TT\u0130<\/strong> <\/p>\n<p> Transfer s\u00fcrecinin dikkat \u00e7eken detaylar\u0131ndan birinin ise Livakovi\u0107&#8217;in fiyat\u0131nda yapt\u0131\u011f\u0131 fedak\u00e2rl\u0131k oldu\u011fu \u00f6\u011frenildi.<\/p>\n<p> Tecr\u00fcbeli file bek\u00e7isinin, muahedenin ger\u00e7ekle\u015febilmesi i\u00e7in d\u00f6nem sonuna kadar olan yakla\u015f\u0131k 3 milyon Euro&#8217;luk net maa\u015f\u0131n\u0131n k\u0131ymetli bir k\u0131sm\u0131ndan vazge\u00e7ti\u011fi ve neredeyse bedelsiz halde forma giymeyi kabul etti\u011fi belirtildi.<\/p>\n<p> <strong>SATIN ALMA OPS\u0130YONU YOK<\/strong><\/p>\n<p> Mutabakatta sat\u0131n alma opsiyonunun yer almad\u0131\u011f\u0131 da aktar\u0131ld\u0131. Buna nazaran Livakovic&#8217;in Dinamo Zagreb ile yapt\u0131\u011f\u0131 kontrat sadece mevcut d\u00f6nemin sonuna kadar ge\u00e7erli olacak. H\u0131rvat kaleci, d\u00f6nem bitiminde 2028 y\u0131l\u0131na kadar kontrat\u0131n\u0131n bulundu\u011fu Fenerbah\u00e7e&#8217;ye geri d\u00f6necek.<\/p>\n<p> <strong>D\u00dcNYA KUPASI \u0130\u00c7\u0130N \u0130MZA ATTI<\/strong><\/p>\n<p> Transferin, H\u0131rvatistan Ulusal Kadrosu a\u00e7\u0131s\u0131ndan da k\u0131ymet ta\u015f\u0131d\u0131\u011f\u0131 bedellendiriliyor. Livakovic&#8217;in sistemli forma baht\u0131 bulmas\u0131 halinde yaz aylar\u0131nda d\u00fczenlenecek D\u00fcnya Kupas\u0131 \u00f6ncesinde ma\u00e7 ritmi kazanmas\u0131n\u0131n hedeflendi\u011fi kaydedildi.<\/p>\n<\/div>\n","protected":false},"excerpt":{"rendered":"<p>Fenerbah\u00e7e, H\u0131rvat kalecisi Dominik Livakovic&#8217;in Dinamo Zagreb&#8217;e kiraland\u0131\u011f\u0131n\u0131 duyurdu.<\/p>\n","protected":false},"author":1,"featured_media":54832,"comment_status":"open","ping_status":"open","sticky":false,"template":"","format":"standard","meta":{"footnotes":""},"categories":[25],"tags":[2751,48],"class_list":["post-54831","post","type-post","status-publish","format-standard","has-post-thumbnail","hentry","category-futbol","tag-hirvat","tag-transfer"],"_links":{"self":[{"href":"https:\/\/haberbesiktas.tr\/index.php?rest_route=\/wp\/v2\/posts\/54831","targetHints":{"allow":["GET"]}}],"collection":[{"href":"https:\/\/haberbesiktas.tr\/index.php?rest_route=\/wp\/v2\/posts"}],"about":[{"href":"https:\/\/haberbesiktas.tr\/index.php?rest_route=\/wp\/v2\/types\/post"}],"author":[{"embeddable":true,"href":"https:\/\/haberbesiktas.tr\/index.php?rest_route=\/wp\/v2\/users\/1"}],"replies":[{"embeddable":true,"href":"https:\/\/haberbesiktas.tr\/index.php?rest_route=%2Fwp%2Fv2%2Fcomments&post=54831"}],"version-history":[{"count":1,"href":"https:\/\/haberbesiktas.tr\/index.php?rest_route=\/wp\/v2\/posts\/54831\/revisions"}],"predecessor-version":[{"id":54833,"href":"https:\/\/haberbesiktas.tr\/index.php?rest_route=\/wp\/v2\/posts\/54831\/revisions\/54833"}],"wp:featuredmedia":[{"embeddable":true,"href":"https:\/\/haberbesiktas.tr\/index.php?rest_route=\/wp\/v2\/media\/54832"}],"wp:attachment":[{"href":"https:\/\/haberbesiktas.tr\/index.php?rest_route=%2Fwp%2Fv2%2Fmedia&parent=54831"}],"wp:term":[{"taxonomy":"category","embeddable":true,"href":"https:\/\/haberbesiktas.tr\/index.php?rest_route=%2Fwp%2Fv2%2Fcategories&post=54831"},{"taxonomy":"post_tag","embeddable":true,"href":"https:\/\/haberbesiktas.tr\/index.php?rest_route=%2Fwp%2Fv2%2Ftags&post=54831"}],"curies":[{"name":"wp","href":"https:\/\/api.w.org\/{rel}","templated":true}]}}