{"id":54834,"date":"2026-01-30T23:24:05","date_gmt":"2026-01-30T23:24:05","guid":{"rendered":"https:\/\/haberbesiktas.tr\/?p=54834"},"modified":"2026-01-30T23:24:05","modified_gmt":"2026-01-30T23:24:05","slug":"jhon-duranin-yeni-adresi-lille","status":"publish","type":"post","link":"https:\/\/haberbesiktas.tr\/?p=54834","title":{"rendered":"Jhon Duran&#8217;\u0131n yeni adresi Lille"},"content":{"rendered":"<div>Fenerbah\u00e7e&#8217;nin Kolombiyal\u0131 forveti Jhon Duran ile ilgili s\u00fcrpriz bir transfer sav\u0131 geldi.<\/p>\n<p> Gianluca Di Marzio, 22 ya\u015f\u0131ndaki gen\u00e7 golc\u00fcn\u00fcn yeni adresini duyurdu.<\/p>\n<p> Son dakika haberine nazaran Lille, Jhon Duran&#8217;\u0131 kiral\u0131k olarak tak\u0131m\u0131na kat\u0131yor.<\/p>\n<p> AYRINTILAR&#8230;<\/p>\n<\/div>\n","protected":false},"excerpt":{"rendered":"<p>Fenerbah\u00e7e&#8217;nin Kolombiyal\u0131 golc\u00fcs\u00fc Jhon Duran&#8217;\u0131n Lille&#8217;e transfer olmak \u00fczere oldu\u011fu \u00f6ne s\u00fcr\u00fcld\u00fc.<\/p>\n","protected":false},"author":1,"featured_media":54835,"comment_status":"open","ping_status":"open","sticky":false,"template":"","format":"standard","meta":{"footnotes":""},"categories":[25],"tags":[],"class_list":["post-54834","post","type-post","status-publish","format-standard","has-post-thumbnail","hentry","category-futbol"],"_links":{"self":[{"href":"https:\/\/haberbesiktas.tr\/index.php?rest_route=\/wp\/v2\/posts\/54834","targetHints":{"allow":["GET"]}}],"collection":[{"href":"https:\/\/haberbesiktas.tr\/index.php?rest_route=\/wp\/v2\/posts"}],"about":[{"href":"https:\/\/haberbesiktas.tr\/index.php?rest_route=\/wp\/v2\/types\/post"}],"author":[{"embeddable":true,"href":"https:\/\/haberbesiktas.tr\/index.php?rest_route=\/wp\/v2\/users\/1"}],"replies":[{"embeddable":true,"href":"https:\/\/haberbesiktas.tr\/index.php?rest_route=%2Fwp%2Fv2%2Fcomments&post=54834"}],"version-history":[{"count":1,"href":"https:\/\/haberbesiktas.tr\/index.php?rest_route=\/wp\/v2\/posts\/54834\/revisions"}],"predecessor-version":[{"id":54836,"href":"https:\/\/haberbesiktas.tr\/index.php?rest_route=\/wp\/v2\/posts\/54834\/revisions\/54836"}],"wp:featuredmedia":[{"embeddable":true,"href":"https:\/\/haberbesiktas.tr\/index.php?rest_route=\/wp\/v2\/media\/54835"}],"wp:attachment":[{"href":"https:\/\/haberbesiktas.tr\/index.php?rest_route=%2Fwp%2Fv2%2Fmedia&parent=54834"}],"wp:term":[{"taxonomy":"category","embeddable":true,"href":"https:\/\/haberbesiktas.tr\/index.php?rest_route=%2Fwp%2Fv2%2Fcategories&post=54834"},{"taxonomy":"post_tag","embeddable":true,"href":"https:\/\/haberbesiktas.tr\/index.php?rest_route=%2Fwp%2Fv2%2Ftags&post=54834"}],"curies":[{"name":"wp","href":"https:\/\/api.w.org\/{rel}","templated":true}]}}