{"id":54844,"date":"2026-01-31T00:00:06","date_gmt":"2026-01-31T00:00:06","guid":{"rendered":"https:\/\/haberbesiktas.tr\/?p=54844"},"modified":"2026-01-31T00:00:06","modified_gmt":"2026-01-31T00:00:06","slug":"jhon-duranin-surpriz-adresi-belli-oldu","status":"publish","type":"post","link":"https:\/\/haberbesiktas.tr\/?p=54844","title":{"rendered":"Jhon Duran&#8217;\u0131n s\u00fcrpriz adresi belli oldu"},"content":{"rendered":"<div>Fenerbah\u00e7e&#8217;de Jhon Duran ile ilgili transfer s\u00fcreci netlik kazanmaya ba\u015flad\u0131.<\/p>\n<p> Juventus ile de ismi ge\u00e7en Kolombiyal\u0131 forvetle ilgili yeni bir geli\u015fme ya\u015fand\u0131.<\/p>\n<p> <strong>LILLE&#8217;E G\u0130D\u0130YOR<br \/><\/strong><br \/>\u0130talyan gazeteci Gianluca Di Marzio, Jhon Duran&#8217;\u0131n kiral\u0131k olarak Lille&#8217;e transfer olaca\u011f\u0131n\u0131 a\u00e7\u0131klad\u0131. <\/p>\n<p> <strong>FENERBAH\u00c7E G\u00d6R\u00dc\u015eMELERE BA\u015eLADI<\/strong><\/p>\n<p> \u00d6te yandan Fenerbah\u00e7e&#8217;nin, 22 ya\u015f\u0131ndaki golc\u00fcn\u00fcn kiral\u0131k kontrat\u0131n\u0131 feshetmek i\u00e7in g\u00f6r\u00fc\u015fmelere ba\u015flad\u0131\u011f\u0131 \u00f6\u011frenildi.\u00a0<\/p>\n<p> <strong>BU D\u00d6NEM DURAN<\/p>\n<p><\/strong>Jhon Duran bu d\u00f6nem sar\u0131-lacivertli formayla \u00e7\u0131kt\u0131\u011f\u0131 21 ma\u00e7ta 5 gol ve 3 asistlik bir performans sergiledi.<br \/><strong><br \/>P\u0130YASA BEDEL\u0130 32 M\u0130LYON EURO<\/strong><\/p>\n<p> 32 milyon euro piyasa pahas\u0131 olan futbolcunun sar\u0131-lacivertlilerle kiral\u0131k mukavelesi d\u00f6nem sonunda bitiyor. Fenerbah\u00e7e, Duran&#8217;\u0131 Suudi Arabistan tak\u0131m\u0131 Al-Nassr&#8217;dan kiralam\u0131\u015ft\u0131.<\/p>\n<div><span>\u00a0<\/span><\/div>\n<\/div>\n","protected":false},"excerpt":{"rendered":"<p>Fenerbah\u00e7e&#8217;de Jhon Duran, kadrodan ayr\u0131lmaya haz\u0131rlan\u0131yor. \u0130smi Juventus ile an\u0131lan Kolombiyal\u0131 golc\u00fcn\u00fcn yeni kadrosu ile ilgili dikkat \u00e7eken bir sav geldi.<\/p>\n","protected":false},"author":1,"featured_media":54845,"comment_status":"open","ping_status":"open","sticky":false,"template":"","format":"standard","meta":{"footnotes":""},"categories":[25],"tags":[3943],"class_list":["post-54844","post","type-post","status-publish","format-standard","has-post-thumbnail","hentry","category-futbol","tag-duran"],"_links":{"self":[{"href":"https:\/\/haberbesiktas.tr\/index.php?rest_route=\/wp\/v2\/posts\/54844","targetHints":{"allow":["GET"]}}],"collection":[{"href":"https:\/\/haberbesiktas.tr\/index.php?rest_route=\/wp\/v2\/posts"}],"about":[{"href":"https:\/\/haberbesiktas.tr\/index.php?rest_route=\/wp\/v2\/types\/post"}],"author":[{"embeddable":true,"href":"https:\/\/haberbesiktas.tr\/index.php?rest_route=\/wp\/v2\/users\/1"}],"replies":[{"embeddable":true,"href":"https:\/\/haberbesiktas.tr\/index.php?rest_route=%2Fwp%2Fv2%2Fcomments&post=54844"}],"version-history":[{"count":1,"href":"https:\/\/haberbesiktas.tr\/index.php?rest_route=\/wp\/v2\/posts\/54844\/revisions"}],"predecessor-version":[{"id":54846,"href":"https:\/\/haberbesiktas.tr\/index.php?rest_route=\/wp\/v2\/posts\/54844\/revisions\/54846"}],"wp:featuredmedia":[{"embeddable":true,"href":"https:\/\/haberbesiktas.tr\/index.php?rest_route=\/wp\/v2\/media\/54845"}],"wp:attachment":[{"href":"https:\/\/haberbesiktas.tr\/index.php?rest_route=%2Fwp%2Fv2%2Fmedia&parent=54844"}],"wp:term":[{"taxonomy":"category","embeddable":true,"href":"https:\/\/haberbesiktas.tr\/index.php?rest_route=%2Fwp%2Fv2%2Fcategories&post=54844"},{"taxonomy":"post_tag","embeddable":true,"href":"https:\/\/haberbesiktas.tr\/index.php?rest_route=%2Fwp%2Fv2%2Ftags&post=54844"}],"curies":[{"name":"wp","href":"https:\/\/api.w.org\/{rel}","templated":true}]}}