{"id":54848,"date":"2026-01-31T00:12:08","date_gmt":"2026-01-31T00:12:08","guid":{"rendered":"https:\/\/haberbesiktas.tr\/?p=54848"},"modified":"2026-01-31T00:12:08","modified_gmt":"2026-01-31T00:12:08","slug":"barcelona-fermin-lopez-ile-2031e-kadar-anlasti","status":"publish","type":"post","link":"https:\/\/haberbesiktas.tr\/?p=54848","title":{"rendered":"Barcelona, Fermin Lopez ile 2031&#8217;e kadar anla\u015ft\u0131"},"content":{"rendered":"<div>\n<div>D\u00fcnya futbolunun evvel gelen gruplar\u0131ndan Barcelona i\u00e7 transferde de\u011ferli bir imza att\u0131.<\/div>\n<div>\u00a0<\/div>\n<div>Transfer periyotlar\u0131nda ismi s\u0131k s\u0131k an\u0131lan 23 ya\u015f\u0131ndaki \u0130spanyol ulusal futbolcu Fermin Lopez, Katalan grubuyla mukavelesini 2031 y\u0131l\u0131na kadar uzatt\u0131.<\/div>\n<div>\u00a0<\/div>\n<div><strong>BU D\u00d6NEM PERFORMANSI<\/strong><\/div>\n<div>\u00a0<\/div>\n<div>Bu d\u00f6nem Barcelona ile 26 resmi ma\u00e7a \u00e7\u0131kan Fermin Lopez, 10 gol ve 11 asist ile grubuna katk\u0131 sa\u011flad\u0131.<\/div>\n<div>\u00a0<\/div>\n<div><img decoding=\"async\" src=\"https:\/\/haberbesiktas.tr\/wp-content\/uploads\/2026\/01\/barcelona-fermin-lopez-ile-2031e-kadar-anlasti-0-85KTmz8n.jpeg\"\/><\/div>\n<\/p><\/div>\n","protected":false},"excerpt":{"rendered":"<p>Katalan devi Barcelona, transfer periyotlar\u0131nda ismi s\u0131k\u00e7a g\u00fcndeme gelen 23 ya\u015f\u0131ndaki \u0130spanyol ulusal futbolcu Fermin Lopez&#8217;in kontrat\u0131n\u0131 2031 y\u0131l\u0131na kadar uzatt\u0131.<\/p>\n","protected":false},"author":1,"featured_media":54849,"comment_status":"open","ping_status":"open","sticky":false,"template":"","format":"standard","meta":{"footnotes":""},"categories":[25],"tags":[],"class_list":["post-54848","post","type-post","status-publish","format-standard","has-post-thumbnail","hentry","category-futbol"],"_links":{"self":[{"href":"https:\/\/haberbesiktas.tr\/index.php?rest_route=\/wp\/v2\/posts\/54848","targetHints":{"allow":["GET"]}}],"collection":[{"href":"https:\/\/haberbesiktas.tr\/index.php?rest_route=\/wp\/v2\/posts"}],"about":[{"href":"https:\/\/haberbesiktas.tr\/index.php?rest_route=\/wp\/v2\/types\/post"}],"author":[{"embeddable":true,"href":"https:\/\/haberbesiktas.tr\/index.php?rest_route=\/wp\/v2\/users\/1"}],"replies":[{"embeddable":true,"href":"https:\/\/haberbesiktas.tr\/index.php?rest_route=%2Fwp%2Fv2%2Fcomments&post=54848"}],"version-history":[{"count":1,"href":"https:\/\/haberbesiktas.tr\/index.php?rest_route=\/wp\/v2\/posts\/54848\/revisions"}],"predecessor-version":[{"id":54851,"href":"https:\/\/haberbesiktas.tr\/index.php?rest_route=\/wp\/v2\/posts\/54848\/revisions\/54851"}],"wp:featuredmedia":[{"embeddable":true,"href":"https:\/\/haberbesiktas.tr\/index.php?rest_route=\/wp\/v2\/media\/54849"}],"wp:attachment":[{"href":"https:\/\/haberbesiktas.tr\/index.php?rest_route=%2Fwp%2Fv2%2Fmedia&parent=54848"}],"wp:term":[{"taxonomy":"category","embeddable":true,"href":"https:\/\/haberbesiktas.tr\/index.php?rest_route=%2Fwp%2Fv2%2Fcategories&post=54848"},{"taxonomy":"post_tag","embeddable":true,"href":"https:\/\/haberbesiktas.tr\/index.php?rest_route=%2Fwp%2Fv2%2Ftags&post=54848"}],"curies":[{"name":"wp","href":"https:\/\/api.w.org\/{rel}","templated":true}]}}