{"id":54852,"date":"2026-01-31T00:24:08","date_gmt":"2026-01-31T00:24:08","guid":{"rendered":"https:\/\/haberbesiktas.tr\/?p=54852"},"modified":"2026-01-31T00:24:08","modified_gmt":"2026-01-31T00:24:08","slug":"erzurumspor-fk-fernando-andradeyi-kadrosuna-katti","status":"publish","type":"post","link":"https:\/\/haberbesiktas.tr\/?p=54852","title":{"rendered":"Erzurumspor FK, Fernando Andrade&#8217;yi kadrosuna katt\u0131"},"content":{"rendered":"<div>\n<div>Trendyol 1. Lig gruplar\u0131ndan Erzurumspor FK, Fernando Andrade&#8217;yi transfer etti.<\/div>\n<div>\u00a0<\/div>\n<div>Kul\u00fcpten yap\u0131lan a\u00e7\u0131klamaya nazaran, Amed Sportif Faaliyetler ile yollar\u0131n\u0131 ay\u0131ran 33 ya\u015f\u0131ndaki atak oyuncusuyla 1,5 y\u0131ll\u0131k kontrat imzaland\u0131.<\/div>\n<div>\u00a0<\/div>\n<div>Erzurumspor tesislerinde ger\u00e7ekle\u015ftirilen imza t\u00f6renine kul\u00fcp ba\u015fkan\u0131 Ahmet Dal da kat\u0131ld\u0131.<\/div>\n<div>\u00a0<\/div>\n<div><img decoding=\"async\" src=\"https:\/\/haberbesiktas.tr\/wp-content\/uploads\/2026\/01\/erzurumspor-fk-fernando-andradeyi-kadrosuna-katti-0-sX7bi58J.jpeg\"\/><\/div>\n<\/p><\/div>\n","protected":false},"excerpt":{"rendered":"<p>Trendyol 1. Lig temsilcisi Erzurumspor FK, Amed Sportif Faaliyetler&#8217;den ayr\u0131lan 33 ya\u015f\u0131ndaki hamle oyuncusu Fernando Andrade ile 1,5 y\u0131ll\u0131k kontrat imzalad\u0131.<\/p>\n","protected":false},"author":1,"featured_media":54853,"comment_status":"open","ping_status":"open","sticky":false,"template":"","format":"standard","meta":{"footnotes":""},"categories":[25],"tags":[],"class_list":["post-54852","post","type-post","status-publish","format-standard","has-post-thumbnail","hentry","category-futbol"],"_links":{"self":[{"href":"https:\/\/haberbesiktas.tr\/index.php?rest_route=\/wp\/v2\/posts\/54852","targetHints":{"allow":["GET"]}}],"collection":[{"href":"https:\/\/haberbesiktas.tr\/index.php?rest_route=\/wp\/v2\/posts"}],"about":[{"href":"https:\/\/haberbesiktas.tr\/index.php?rest_route=\/wp\/v2\/types\/post"}],"author":[{"embeddable":true,"href":"https:\/\/haberbesiktas.tr\/index.php?rest_route=\/wp\/v2\/users\/1"}],"replies":[{"embeddable":true,"href":"https:\/\/haberbesiktas.tr\/index.php?rest_route=%2Fwp%2Fv2%2Fcomments&post=54852"}],"version-history":[{"count":1,"href":"https:\/\/haberbesiktas.tr\/index.php?rest_route=\/wp\/v2\/posts\/54852\/revisions"}],"predecessor-version":[{"id":54855,"href":"https:\/\/haberbesiktas.tr\/index.php?rest_route=\/wp\/v2\/posts\/54852\/revisions\/54855"}],"wp:featuredmedia":[{"embeddable":true,"href":"https:\/\/haberbesiktas.tr\/index.php?rest_route=\/wp\/v2\/media\/54853"}],"wp:attachment":[{"href":"https:\/\/haberbesiktas.tr\/index.php?rest_route=%2Fwp%2Fv2%2Fmedia&parent=54852"}],"wp:term":[{"taxonomy":"category","embeddable":true,"href":"https:\/\/haberbesiktas.tr\/index.php?rest_route=%2Fwp%2Fv2%2Fcategories&post=54852"},{"taxonomy":"post_tag","embeddable":true,"href":"https:\/\/haberbesiktas.tr\/index.php?rest_route=%2Fwp%2Fv2%2Ftags&post=54852"}],"curies":[{"name":"wp","href":"https:\/\/api.w.org\/{rel}","templated":true}]}}