{"id":54856,"date":"2026-01-31T00:36:07","date_gmt":"2026-01-31T00:36:07","guid":{"rendered":"https:\/\/haberbesiktas.tr\/?p=54856"},"modified":"2026-01-31T00:36:07","modified_gmt":"2026-01-31T00:36:07","slug":"besiktastan-kaleci-surprizi-liverpoola-teklif","status":"publish","type":"post","link":"https:\/\/haberbesiktas.tr\/?p=54856","title":{"rendered":"Be\u015fikta\u015f&#8217;tan kaleci s\u00fcrprizi; Liverpool&#8217;a teklif"},"content":{"rendered":"<div>Kaleci aray\u0131\u015flar\u0131n\u0131 s\u00fcrd\u00fcren Be\u015fikta\u015f&#8217;ta s\u00fcrpriz bir geli\u015fme ya\u015fand\u0131.<\/p>\n<p> Siyah-Beyazl\u0131lar, Premier Lig grubu Liverpool&#8217;da forma giyen <strong>Giorgi Mamardashvili<\/strong> i\u00e7in resmi temaslara ba\u015flad\u0131.<\/p>\n<p> Foot Mercato&#8217;da yer alan habere nazaran; <strong>Be\u015fikta\u015f, G\u00fcrc\u00fc kaleciyi kiralama form\u00fcl\u00fcyle tak\u0131m\u0131na katmak i\u00e7in Liverpool&#8217;a teklifini yapt\u0131.<\/p>\n<p>TEKL\u0130F\u0130N DETAYLARI<\/p>\n<p><\/strong>Haberin ayr\u0131nt\u0131lar\u0131nda,\u00a0Siyah-Beyazl\u0131lar&#8217;\u0131n G\u00fcrc\u00fc eldiven i\u00e7in haz\u0131rlad\u0131\u011f\u0131 paket de ortaya \u00e7\u0131kt\u0131. <\/p>\n<p>Siyah-beyazl\u0131 tak\u0131m\u0131n, Mamardashvili&#8217;nin s\u00fcreksiz transferi i\u00e7in Liverpool kul\u00fcb\u00fcne <strong>2 milyon Euro kiralama bedeli<\/strong> teklif etti\u011fi \u00f6\u011frenildi. <\/p>\n<p>Be\u015fikta\u015f&#8217;\u0131n sundu\u011fu teklifte yaln\u0131zca tek d\u00f6nemlik bir kiralama de\u011fil<strong>, oyuncunun performans\u0131na nazaran kiral\u0131k mukavelesini uzatma opsiyonunun<\/strong> da yer ald\u0131\u011f\u0131 belirtildi. <\/p>\n<p> \u0130darenin, oyuncunun y\u00fcksek bonservis bedeli nedeniyle transferi sat\u0131n alma yerine kiralama yoluyla \u00e7\u00f6zmek istedi\u011fi s\u00f6z edildi.<\/p>\n<p> <strong>PERFORMANSI VE P\u0130YASA DE\u011eER\u0130<\/strong><\/p>\n<p> G\u00fcrc\u00fc kaleci, bu d\u00f6nem Liverpool formas\u0131yla 5 resmi ma\u00e7ta vazife ald\u0131. Mamardashvili bu m\u00fcsabakalarda 10 gol yerken, 1 ma\u00e7ta kalesini gole kapatt\u0131.<\/p>\n<p> Giorgi Mamardashvili&#8217;nin yeni piyasa bedeli 28 milyon euro d\u00fczeyinde.\u00a0\u00a0<\/p>\n<\/div>\n","protected":false},"excerpt":{"rendered":"<p>Be\u015fikta\u015f, kaleci transferi i\u00e7in rotas\u0131n\u0131 Liverpool&#8217;a \u00e7evirdi. Siyah-Beyazl\u0131lar, G\u00fcrc\u00fc file bek\u00e7isi Giorgi Mamardashvili i\u00e7in resmi teklifini yapt\u0131.<\/p>\n","protected":false},"author":1,"featured_media":54857,"comment_status":"open","ping_status":"open","sticky":false,"template":"","format":"standard","meta":{"footnotes":""},"categories":[25],"tags":[241],"class_list":["post-54856","post","type-post","status-publish","format-standard","has-post-thumbnail","hentry","category-futbol","tag-tek"],"_links":{"self":[{"href":"https:\/\/haberbesiktas.tr\/index.php?rest_route=\/wp\/v2\/posts\/54856","targetHints":{"allow":["GET"]}}],"collection":[{"href":"https:\/\/haberbesiktas.tr\/index.php?rest_route=\/wp\/v2\/posts"}],"about":[{"href":"https:\/\/haberbesiktas.tr\/index.php?rest_route=\/wp\/v2\/types\/post"}],"author":[{"embeddable":true,"href":"https:\/\/haberbesiktas.tr\/index.php?rest_route=\/wp\/v2\/users\/1"}],"replies":[{"embeddable":true,"href":"https:\/\/haberbesiktas.tr\/index.php?rest_route=%2Fwp%2Fv2%2Fcomments&post=54856"}],"version-history":[{"count":1,"href":"https:\/\/haberbesiktas.tr\/index.php?rest_route=\/wp\/v2\/posts\/54856\/revisions"}],"predecessor-version":[{"id":54858,"href":"https:\/\/haberbesiktas.tr\/index.php?rest_route=\/wp\/v2\/posts\/54856\/revisions\/54858"}],"wp:featuredmedia":[{"embeddable":true,"href":"https:\/\/haberbesiktas.tr\/index.php?rest_route=\/wp\/v2\/media\/54857"}],"wp:attachment":[{"href":"https:\/\/haberbesiktas.tr\/index.php?rest_route=%2Fwp%2Fv2%2Fmedia&parent=54856"}],"wp:term":[{"taxonomy":"category","embeddable":true,"href":"https:\/\/haberbesiktas.tr\/index.php?rest_route=%2Fwp%2Fv2%2Fcategories&post=54856"},{"taxonomy":"post_tag","embeddable":true,"href":"https:\/\/haberbesiktas.tr\/index.php?rest_route=%2Fwp%2Fv2%2Ftags&post=54856"}],"curies":[{"name":"wp","href":"https:\/\/api.w.org\/{rel}","templated":true}]}}