{"id":54881,"date":"2026-01-31T02:00:07","date_gmt":"2026-01-31T02:00:07","guid":{"rendered":"https:\/\/haberbesiktas.tr\/?p=54881"},"modified":"2026-01-31T02:00:07","modified_gmt":"2026-01-31T02:00:07","slug":"fenerbahcenin-play-off-takvimi-aciklandi","status":"publish","type":"post","link":"https:\/\/haberbesiktas.tr\/?p=54881","title":{"rendered":"Fenerbah\u00e7e&#8217;nin play-off takvimi a\u00e7\u0131kland\u0131!"},"content":{"rendered":"<div>Fenerbah\u00e7e&#8217;nin de \u0130ngiliz grubu Nottingham Forest ile kar\u015f\u0131la\u015faca\u011f\u0131 UEFA Avrupa Ligi son 16 play-off cinsinde ma\u00e7 takvimi a\u00e7\u0131kland\u0131.<\/p>\n<p> UEFA&#8217;dan yap\u0131lan a\u00e7\u0131klamaya nazaran,\u00a0Fenerbah\u00e7e, Avrupa futbolunun kul\u00fcpler seviyesindeki iki numaral\u0131 turnuvas\u0131n\u0131n son 16 play-off \u00e7e\u015fidinde Nottingham Forest ile yapaca\u011f\u0131 birinci ma\u00e7\u0131 konutunda 19 \u015eubat Per\u015fembe g\u00fcn\u00fc saat 20.45&#8217;te oynayacak.<\/p>\n<p> Deplasmandaki r\u00f6van\u015f ma\u00e7\u0131 ise 26 \u015eubat Per\u015fembe g\u00fcn\u00fc TS\u0130 23.00&#8217;te yap\u0131lacak. <\/p>\n<p> UEFA Avrupa Ligi son 16 play-off \u00e7e\u015fidi birinci ma\u00e7lar\u0131n\u0131n takvimi \u015fu bi\u00e7imde:<\/p>\n<p> <strong>19 \u015eubat Per\u015fembe:<\/strong><\/p>\n<p> <strong>20.45\u00a0Fenerbah\u00e7e-Nottingham Forest (\u0130ngiltere)<\/strong><\/p>\n<p> 20.45 Dinamo Zagreb (H\u0131rvatistan)-Genk (Bel\u00e7ika)<\/p>\n<p> 20.45 PAOK (Yunanistan)- Celta Vigo (\u0130spanya)<\/p>\n<p> 20.45 Brann (Norve\u00e7)-Bologna (\u0130talya)<\/p>\n<p> 23.00 Celtic (\u0130sko\u00e7ya)-Stuttgart (Almanya)<\/p>\n<p> 23.00 Lille (Fransa)- K\u0131z\u0131ly\u0131ld\u0131z (S\u0131rbistan)<\/p>\n<p> 23.00 Panathinaikos (Yunanistan)-Viktoria Plzen (\u00c7ekya)<\/p>\n<p> 23.00 PFC Ludogorets (Bulgaristan)-Ferencvaros (Macaristan)<\/p>\n<p> <strong>R\u00f6van\u015f ma\u00e7lar\u0131n\u0131n program\u0131 ise \u015f\u00f6yle:<\/strong><\/p>\n<p> <strong>26 \u015eubat Per\u015fembe:<\/strong><\/p>\n<p> 20.45 Viktoria Plzen (\u00c7ekya)-Panathinaikos (Yunanistan)<\/p>\n<p> 20.45 Ferencvaros (Macaristan)-Ludogorets (Bulgaristan)<\/p>\n<p> 20.45 K\u0131z\u0131ly\u0131ld\u0131z (S\u0131rbistan)-Lille (Fransa)<\/p>\n<p> 20.45 Stuttgart (Almanya)-Celtic (\u0130sko\u00e7ya)<\/p>\n<p> 23.00 Bologna (\u0130talya)-Brann (Norve\u00e7)<\/p>\n<p> 23.00 Genk (Bel\u00e7ika)-Dinamo Zagreb (H\u0131rvatistan)<\/p>\n<p> <strong>23.00 Nottingham Forest (\u0130ngiltere)-Fenerbah\u00e7e<\/strong><\/p>\n<p> 23.00 Celta Vigo (\u0130spanya)-PAOK (Yunanistan)<\/p>\n<\/div>\n","protected":false},"excerpt":{"rendered":"<p>Fenerbah\u00e7e&#8217;nin de Nottingham Forest ile kar\u015f\u0131la\u015faca\u011f\u0131 UEFA Avrupa Ligi son 16 play-off tipinde ma\u00e7 takvimi muhakkak oldu.<\/p>\n","protected":false},"author":1,"featured_media":54882,"comment_status":"open","ping_status":"open","sticky":false,"template":"","format":"standard","meta":{"footnotes":""},"categories":[25],"tags":[50],"class_list":["post-54881","post","type-post","status-publish","format-standard","has-post-thumbnail","hentry","category-futbol","tag-mac"],"_links":{"self":[{"href":"https:\/\/haberbesiktas.tr\/index.php?rest_route=\/wp\/v2\/posts\/54881","targetHints":{"allow":["GET"]}}],"collection":[{"href":"https:\/\/haberbesiktas.tr\/index.php?rest_route=\/wp\/v2\/posts"}],"about":[{"href":"https:\/\/haberbesiktas.tr\/index.php?rest_route=\/wp\/v2\/types\/post"}],"author":[{"embeddable":true,"href":"https:\/\/haberbesiktas.tr\/index.php?rest_route=\/wp\/v2\/users\/1"}],"replies":[{"embeddable":true,"href":"https:\/\/haberbesiktas.tr\/index.php?rest_route=%2Fwp%2Fv2%2Fcomments&post=54881"}],"version-history":[{"count":1,"href":"https:\/\/haberbesiktas.tr\/index.php?rest_route=\/wp\/v2\/posts\/54881\/revisions"}],"predecessor-version":[{"id":54883,"href":"https:\/\/haberbesiktas.tr\/index.php?rest_route=\/wp\/v2\/posts\/54881\/revisions\/54883"}],"wp:featuredmedia":[{"embeddable":true,"href":"https:\/\/haberbesiktas.tr\/index.php?rest_route=\/wp\/v2\/media\/54882"}],"wp:attachment":[{"href":"https:\/\/haberbesiktas.tr\/index.php?rest_route=%2Fwp%2Fv2%2Fmedia&parent=54881"}],"wp:term":[{"taxonomy":"category","embeddable":true,"href":"https:\/\/haberbesiktas.tr\/index.php?rest_route=%2Fwp%2Fv2%2Fcategories&post=54881"},{"taxonomy":"post_tag","embeddable":true,"href":"https:\/\/haberbesiktas.tr\/index.php?rest_route=%2Fwp%2Fv2%2Ftags&post=54881"}],"curies":[{"name":"wp","href":"https:\/\/api.w.org\/{rel}","templated":true}]}}