{"id":54926,"date":"2026-01-31T04:48:07","date_gmt":"2026-01-31T04:48:07","guid":{"rendered":"https:\/\/haberbesiktas.tr\/?p=54926"},"modified":"2026-01-31T04:48:07","modified_gmt":"2026-01-31T04:48:07","slug":"van-de-streek-umarim-gol-atmaya-devam-ederim","status":"publish","type":"post","link":"https:\/\/haberbesiktas.tr\/?p=54926","title":{"rendered":"Van de Streek: &#8220;Umar\u0131m gol atmaya devam ederim&#8221;"},"content":{"rendered":"<div>\n<div>Trendyol Harika Lig&#8217;in 20. haftas\u0131nda, Antalyaspor&#8217;un Trabzonspor&#8217;u konuk etti\u011fi ma\u00e7, 1-1 beraberlikle sonu\u00e7land\u0131<\/div>\n<div>\u00a0<\/div>\n<div>Ma\u00e7\u0131n akabinde Antalyasporlu futbolcular Van de Streek, Julian Cuesta ve Samuel Ballet a\u00e7\u0131klamalarda bulundu.<\/div>\n<div>\u00a0<\/div>\n<div>Tak\u0131m\u0131 ismine tek gol\u00fc atan Van de Streek, <strong>&#8220;Tak\u0131m olarak \u00e7ok \u00e2l\u00e2 sava\u015ft\u0131k. D\u00fczg\u00fcn ba\u015flad\u0131k, \u00f6ne ge\u00e7tik.\u00a0 Akabinde bence ku\u015fkulu oldu\u011funu d\u00fc\u015f\u00fcnd\u00fc\u011f\u00fcm penalt\u0131lar arka arda geldi. Cuesta birini kurtard\u0131 ve ekibe katk\u0131s\u0131 oldu. Her ge\u00e7en hafta daha yeterli olaca\u011f\u0131m\u0131z\u0131 d\u00fc\u015f\u00fcn\u00fcyorum. Umar\u0131m gol atmaya devam ederim.&#8221;<\/strong> s\u00f6zlerini kulland\u0131.<\/div>\n<div>\u00a0<\/div>\n<div>Trabzonspor&#8217;da Onuachu&#8217;nun ikinci penalt\u0131s\u0131n\u0131 kurtaran \u0130spanyol kaleci Julian Cuesta ise<strong> &#8220;Performans\u0131mdan \u00f6t\u00fcr\u00fc hayli mutluyum. Beraberli\u011fe katk\u0131 yapabildi\u011fim i\u00e7in \u00e7ok memnunum. Yeterli i\u015f \u00e7\u0131kard\u0131k.&#8221;<\/strong> dedi.<\/div>\n<div>\u00a0<\/div>\n<div>Sa\u011f kanatta tesirli bir performans sergileyen Samuel Ballet, beraberli\u011fin ard\u0131ndan \u015fu s\u00f6zleri sarfetti:<\/div>\n<div>\u00a0<\/div>\n<div><strong>&#8220;Asl\u0131nda bence g\u00fczel bir puand\u0131. Ligin birinci yar\u0131s\u0131ndaki kay\u0131plar\u0131m\u0131zdan sonra bu hafta ald\u0131\u011f\u0131m\u0131z puan pek olumluydu. Son 2 ma\u00e7ta a\u011fr\u0131lar\u0131m vard\u0131. Fakat bu hafta ba\u015flayabildim. Umar\u0131m gelecek haftalarda gruba daha d\u00fczg\u00fcn katk\u0131lar verebilirim.&#8221;<\/strong><\/div>\n<\/p><\/div>\n","protected":false},"excerpt":{"rendered":"<p>Antalyaspor&#8217;un Trabzonspor ile 1-1 berabere kald\u0131\u011f\u0131 ma\u00e7\u0131n akabinde gol\u00fc atan Van de Streek, kaleci Julian Cuesta ve Samuel Ballet, gayret, kurtar\u0131lan penalt\u0131lar ve al\u0131nan 1 puan\u0131n k\u0131ymetine vurgu yapt\u0131.<\/p>\n","protected":false},"author":1,"featured_media":54927,"comment_status":"open","ping_status":"open","sticky":false,"template":"","format":"standard","meta":{"footnotes":""},"categories":[25],"tags":[],"class_list":["post-54926","post","type-post","status-publish","format-standard","has-post-thumbnail","hentry","category-futbol"],"_links":{"self":[{"href":"https:\/\/haberbesiktas.tr\/index.php?rest_route=\/wp\/v2\/posts\/54926","targetHints":{"allow":["GET"]}}],"collection":[{"href":"https:\/\/haberbesiktas.tr\/index.php?rest_route=\/wp\/v2\/posts"}],"about":[{"href":"https:\/\/haberbesiktas.tr\/index.php?rest_route=\/wp\/v2\/types\/post"}],"author":[{"embeddable":true,"href":"https:\/\/haberbesiktas.tr\/index.php?rest_route=\/wp\/v2\/users\/1"}],"replies":[{"embeddable":true,"href":"https:\/\/haberbesiktas.tr\/index.php?rest_route=%2Fwp%2Fv2%2Fcomments&post=54926"}],"version-history":[{"count":1,"href":"https:\/\/haberbesiktas.tr\/index.php?rest_route=\/wp\/v2\/posts\/54926\/revisions"}],"predecessor-version":[{"id":54928,"href":"https:\/\/haberbesiktas.tr\/index.php?rest_route=\/wp\/v2\/posts\/54926\/revisions\/54928"}],"wp:featuredmedia":[{"embeddable":true,"href":"https:\/\/haberbesiktas.tr\/index.php?rest_route=\/wp\/v2\/media\/54927"}],"wp:attachment":[{"href":"https:\/\/haberbesiktas.tr\/index.php?rest_route=%2Fwp%2Fv2%2Fmedia&parent=54926"}],"wp:term":[{"taxonomy":"category","embeddable":true,"href":"https:\/\/haberbesiktas.tr\/index.php?rest_route=%2Fwp%2Fv2%2Fcategories&post=54926"},{"taxonomy":"post_tag","embeddable":true,"href":"https:\/\/haberbesiktas.tr\/index.php?rest_route=%2Fwp%2Fv2%2Ftags&post=54926"}],"curies":[{"name":"wp","href":"https:\/\/api.w.org\/{rel}","templated":true}]}}