{"id":54929,"date":"2026-01-31T05:00:05","date_gmt":"2026-01-31T05:00:05","guid":{"rendered":"https:\/\/haberbesiktas.tr\/?p=54929"},"modified":"2026-01-31T05:00:05","modified_gmt":"2026-01-31T05:00:05","slug":"antalyaspor-yardimci-antrenoru-orenc-3-puani-hak-ettik","status":"publish","type":"post","link":"https:\/\/haberbesiktas.tr\/?p=54929","title":{"rendered":"Antalyaspor Yard\u0131mc\u0131 Antren\u00f6r\u00fc \u00d6ren\u00e7: &#8220;3 puan\u0131 hak ettik&#8221;"},"content":{"rendered":"<div>\n<div>\n<div>Trendyol Harika Lig&#8217;in 20. haftas\u0131nda Trabzonspor ile konutunda 1-1 berabere kalan Hesap.com Antalyaspor&#8217;da yard\u0131mc\u0131 antren\u00f6r Nadir \u00d6ren\u00e7, <strong>&#8220;Son dakikaya kadar uygun u\u011fra\u015f verdik. Ma\u00e7\u0131n sonucunda galip de gelebilirdik ma\u011flup da olabilirdik.&#8221;<\/strong> dedi.<\/div>\n<div>\u00a0<\/div>\n<div>\u00d6ren\u00e7, Corendon Airlines Park Antalya Stad\u0131&#8217;ndaki ma\u00e7\u0131n akabinde d\u00fczenlenen bas\u0131n toplant\u0131s\u0131nda, gayret g\u00fcc\u00fc y\u00fcksek bir kar\u015f\u0131la\u015fma oldu\u011funu s\u00f6yledi.<\/div>\n<div>\u00a0<\/div>\n<div>&#8220;B\u00fcy\u00fck Antalyaspor taraftar\u0131na, bu atmosferi co\u015fkuyla ya\u015fatan, grubu saha i\u00e7inde tutan taraftar\u0131m\u0131za te\u015fekk\u00fcr ediyoruz.&#8221; tabirini kullanan \u00d6ren\u00e7; <strong>&#8220;Son dakikaya kadar d\u00fczg\u00fcn \u00e7aba verdik. Ma\u00e7\u0131n sonucunda galip de gelebilirdik ma\u011flup da olabilirdik. Alana \u00e7\u0131karken tek gayemiz, planlar\u0131m\u0131z galibiyet \u00fczerineydi.&#8221; <\/strong>diye konu\u015ftu<\/div>\n<div>\u00a0<\/div>\n<div>\u0130lk yar\u0131da hedefledikleri savunmay\u0131 yapt\u0131klar\u0131n\u0131 ve bask\u0131 sonucu kazan\u0131lan bir topla gol bulduklar\u0131n\u0131 lisana getiren \u00d6ren\u00e7, Sami U\u011furlu&#8217;ya verilen k\u0131rm\u0131z\u0131 kart\u0131n da \u00e7ok a\u011f\u0131r bir karar oldu\u011funu s\u00f6z etti.<\/div>\n<div>\u00a0<\/div>\n<div>Tak\u0131m\u0131n gayretinin, taraftar\u0131n dayana\u011f\u0131n\u0131n Antalya kentinde birlik, beraberlik ortam\u0131 olu\u015fturdu\u011funun g\u00f6stergeleri oldu\u011funu anlatan \u00d6ren\u00e7, <strong>&#8220;Kendi alan\u0131m\u0131zdan 1 puanla ayr\u0131l\u0131yoruz. Ald\u0131\u011f\u0131m\u0131z 1 puanla ligdeki pozisyonumuzu biraz daha rahatlatmak istiyoruz.&#8221;<\/strong> de\u011ferlendirmesini yapt\u0131.<\/div>\n<div>\u00a0<\/div>\n<div>\u00d6ren\u00e7, misyona geldikten sonra oyuncular\u0131 mental olarak \u00fcste \u00e7ekmek i\u00e7in \u00f6ncelikli bir yol izledikleri ve a\u011f\u0131r idmanlarla fizik g\u00fc\u00e7lerini y\u00fckseltmeye \u00e7al\u0131\u015ft\u0131klar\u0131n\u0131 kelamlar\u0131na ekledi.<\/div>\n<\/p><\/div>\n<\/p><\/div>\n","protected":false},"excerpt":{"rendered":"<p>Antalyaspor Yard\u0131mc\u0131 Antren\u00f6r\u00fc Se\u00e7kin \u00d6ren\u00e7, Trabzonspor ile 1-1 berabere kald\u0131klar\u0131 ma\u00e7\u0131n akabinde ekibin galibiyeti hak etti\u011fini s\u00f6yledi.<\/p>\n","protected":false},"author":1,"featured_media":54930,"comment_status":"open","ping_status":"open","sticky":false,"template":"","format":"standard","meta":{"footnotes":""},"categories":[25],"tags":[],"class_list":["post-54929","post","type-post","status-publish","format-standard","has-post-thumbnail","hentry","category-futbol"],"_links":{"self":[{"href":"https:\/\/haberbesiktas.tr\/index.php?rest_route=\/wp\/v2\/posts\/54929","targetHints":{"allow":["GET"]}}],"collection":[{"href":"https:\/\/haberbesiktas.tr\/index.php?rest_route=\/wp\/v2\/posts"}],"about":[{"href":"https:\/\/haberbesiktas.tr\/index.php?rest_route=\/wp\/v2\/types\/post"}],"author":[{"embeddable":true,"href":"https:\/\/haberbesiktas.tr\/index.php?rest_route=\/wp\/v2\/users\/1"}],"replies":[{"embeddable":true,"href":"https:\/\/haberbesiktas.tr\/index.php?rest_route=%2Fwp%2Fv2%2Fcomments&post=54929"}],"version-history":[{"count":1,"href":"https:\/\/haberbesiktas.tr\/index.php?rest_route=\/wp\/v2\/posts\/54929\/revisions"}],"predecessor-version":[{"id":54931,"href":"https:\/\/haberbesiktas.tr\/index.php?rest_route=\/wp\/v2\/posts\/54929\/revisions\/54931"}],"wp:featuredmedia":[{"embeddable":true,"href":"https:\/\/haberbesiktas.tr\/index.php?rest_route=\/wp\/v2\/media\/54930"}],"wp:attachment":[{"href":"https:\/\/haberbesiktas.tr\/index.php?rest_route=%2Fwp%2Fv2%2Fmedia&parent=54929"}],"wp:term":[{"taxonomy":"category","embeddable":true,"href":"https:\/\/haberbesiktas.tr\/index.php?rest_route=%2Fwp%2Fv2%2Fcategories&post=54929"},{"taxonomy":"post_tag","embeddable":true,"href":"https:\/\/haberbesiktas.tr\/index.php?rest_route=%2Fwp%2Fv2%2Ftags&post=54929"}],"curies":[{"name":"wp","href":"https:\/\/api.w.org\/{rel}","templated":true}]}}