{"id":54932,"date":"2026-01-31T05:12:04","date_gmt":"2026-01-31T05:12:04","guid":{"rendered":"https:\/\/haberbesiktas.tr\/?p=54932"},"modified":"2026-01-31T05:12:04","modified_gmt":"2026-01-31T05:12:04","slug":"thomas-reis-emre-belozoglu-yanlis-anlamis-olabilir","status":"publish","type":"post","link":"https:\/\/haberbesiktas.tr\/?p=54932","title":{"rendered":"Thomas Reis: &#8220;Emre Bel\u00f6zo\u011flu yanl\u0131\u015f anlam\u0131\u015f olabilir&#8221;"},"content":{"rendered":"<div>\n<div>Trendyol Harika Lig&#8217;in 20. haftas\u0131nda deplasmanda Kas\u0131mpa\u015fa&#8217;y\u0131 1-0 ma\u011flup eden Samsunspor&#8217;da teknik y\u00f6netici Thomas Reis, moralleri a\u00e7\u0131s\u0131ndan \u00e7ok de\u011ferli bir galibiyet elde ettiklerini s\u00f6yledi.<\/div>\n<div>\u00a0<\/div>\n<div>Recep Tayyip Erdo\u011fan Stad\u0131&#8217;nda oynanan m\u00fcsabakan\u0131n akabinde konu\u015fan Reis, <strong>&#8220;Bug\u00fcn asl\u0131nda g\u00f6sterdi\u011fimiz performans en yeterli performans\u0131m\u0131z diyemem. Ekip halinde g\u00fc\u00e7 bir devirden ge\u00e7iyorduk, son haftalarda galip gelemedik. Bunun \u00fczerimizde olu\u015fturdu\u011fu bask\u0131 vard\u0131. Kimi oyuncular evvelki haftalarda yeteri kadar m\u00fchlet alamad\u0131\u011f\u0131ndan vakte muhta\u00e7l\u0131klar\u0131 vard\u0131. Bu ma\u00e7 \u00e7ok de\u011ferliydi. Gruptaki herkes birbiri i\u00e7in sava\u015ft\u0131. \u0130kinci yar\u0131 denetim biraz daha elimizdeydi.&#8221;<\/strong> diye konu\u015ftu.<\/div>\n<div>\u00a0<\/div>\n<div>\u0130lk yar\u0131da uygun performans g\u00f6stermediklerini lisana getiren Reis, <strong>&#8220;\u0130kinci yar\u0131 i\u015fleri daha ger\u00e7ek formda yapt\u0131k ve denetimi elimize ald\u0131k. \u00c7ok net 2 gol konumumuz vard\u0131 ve de\u011ferlendiremedik. Rakibimize net durum vermedik. Gol son dakikada geldi, bu t\u00fcrl\u00fc bir galibiyet moralimiz a\u00e7\u0131s\u0131ndan \u00e7ok k\u0131ymetliydi.&#8221;<\/strong> de\u011ferlendirmesinde bulundu.<\/div>\n<div>\u00a0<\/div>\n<div>Transfere ait soruya ise Reis, \u015fu cevab\u0131 verdi:<\/div>\n<div>\u00a0<\/div>\n<div><strong>&#8220;Yeni bir transfer yapaca\u011f\u0131m\u0131z\u0131 d\u00fc\u015f\u00fcnm\u00fcyorum esasen 3 transfer ger\u00e7ekle\u015ftirdik. Kimi oyuncular\u0131n sakatl\u0131\u011f\u0131n\u0131 atlat\u0131p tekrar gruba kat\u0131lmas\u0131ndan memnunum. Umar\u0131m \u00f6teki oyuncular\u0131m\u0131z da atlat\u0131r. D\u00fczg\u00fcn bir tak\u0131m\u0131m\u0131z oldu\u011funu d\u00fc\u015f\u00fcn\u00fcyorum. Tak\u0131m tamamlan\u0131nca t\u00fcm kulvarlarda elimizden gelenin en g\u00fczelini yapmaya \u00e7al\u0131\u015faca\u011f\u0131z.&#8221;<\/strong><\/div>\n<div>\u00a0<\/div>\n<div>Reis, Emre Bel\u00f6zo\u011flu ile ya\u015fad\u0131klar\u0131 gerginli\u011fe ait ise \u015fu tabirleri kullanarak, kelamlar\u0131n\u0131 tamamlad\u0131:<\/div>\n<div>\u00a0<\/div>\n<div><strong>&#8220;Emre hocay\u0131 ma\u00e7tan sonra g\u00f6rme f\u0131rsat\u0131m olmad\u0131. A\u00e7\u0131k\u00e7as\u0131 ne oldu tam olarak anlayamad\u0131m. Ba\u015fka ekiplerin hocalar\u0131yla tart\u0131\u015fmaya girmek ne vazifem ne mantalitem. Olanlar kar\u015f\u0131s\u0131nda biraz \u015fa\u015f\u0131rd\u0131m. Hakem gelip benimle konu\u015ftu lakin ben kendine bir \u015fey yapmad\u0131\u011f\u0131m\u0131, mevzuyu anlamakta zahmet \u00e7ekti\u011fimi s\u00f6yledim. Benim a\u00e7\u0131mdan rastgele bir sorun yok. Lisan sorunu sebebiyle kendimi ger\u00e7ek manada tabir etmekte zorlan\u0131yor olabilirim ve Emre hoca yanl\u0131\u015f anlam\u0131\u015f olabilir. Esasen 3 sar\u0131 kart\u0131m var, daha \u00e7ok dikkat etmeliyim. Ge\u00e7en sene de 3 kartla tamamlam\u0131\u015ft\u0131m. 4&#8217;\u00fc g\u00f6rmeme ismine elimden geleni yapmaya \u00e7al\u0131\u015f\u0131yorum.&#8221;<\/strong><\/div>\n<\/p><\/div>\n","protected":false},"excerpt":{"rendered":"<p>Kas\u0131mpa\u015fa deplasman\u0131nda al\u0131nan 1-0&#8217;l\u0131k galibiyetin akabinde konu\u015fan Samsunspor Teknik Y\u00f6neticisi Thomas Reis, s\u0131k\u0131nt\u0131 bir devirden ge\u00e7tiklerini belirtti.<\/p>\n","protected":false},"author":1,"featured_media":54933,"comment_status":"open","ping_status":"open","sticky":false,"template":"","format":"standard","meta":{"footnotes":""},"categories":[25],"tags":[844],"class_list":["post-54932","post","type-post","status-publish","format-standard","has-post-thumbnail","hentry","category-futbol","tag-reis"],"_links":{"self":[{"href":"https:\/\/haberbesiktas.tr\/index.php?rest_route=\/wp\/v2\/posts\/54932","targetHints":{"allow":["GET"]}}],"collection":[{"href":"https:\/\/haberbesiktas.tr\/index.php?rest_route=\/wp\/v2\/posts"}],"about":[{"href":"https:\/\/haberbesiktas.tr\/index.php?rest_route=\/wp\/v2\/types\/post"}],"author":[{"embeddable":true,"href":"https:\/\/haberbesiktas.tr\/index.php?rest_route=\/wp\/v2\/users\/1"}],"replies":[{"embeddable":true,"href":"https:\/\/haberbesiktas.tr\/index.php?rest_route=%2Fwp%2Fv2%2Fcomments&post=54932"}],"version-history":[{"count":1,"href":"https:\/\/haberbesiktas.tr\/index.php?rest_route=\/wp\/v2\/posts\/54932\/revisions"}],"predecessor-version":[{"id":54934,"href":"https:\/\/haberbesiktas.tr\/index.php?rest_route=\/wp\/v2\/posts\/54932\/revisions\/54934"}],"wp:featuredmedia":[{"embeddable":true,"href":"https:\/\/haberbesiktas.tr\/index.php?rest_route=\/wp\/v2\/media\/54933"}],"wp:attachment":[{"href":"https:\/\/haberbesiktas.tr\/index.php?rest_route=%2Fwp%2Fv2%2Fmedia&parent=54932"}],"wp:term":[{"taxonomy":"category","embeddable":true,"href":"https:\/\/haberbesiktas.tr\/index.php?rest_route=%2Fwp%2Fv2%2Fcategories&post=54932"},{"taxonomy":"post_tag","embeddable":true,"href":"https:\/\/haberbesiktas.tr\/index.php?rest_route=%2Fwp%2Fv2%2Ftags&post=54932"}],"curies":[{"name":"wp","href":"https:\/\/api.w.org\/{rel}","templated":true}]}}