{"id":54935,"date":"2026-01-31T05:24:06","date_gmt":"2026-01-31T05:24:06","guid":{"rendered":"https:\/\/haberbesiktas.tr\/?p=54935"},"modified":"2026-01-31T05:24:06","modified_gmt":"2026-01-31T05:24:06","slug":"fenerbahcede-sidiki-cherif-transferi-an-meselesi","status":"publish","type":"post","link":"https:\/\/haberbesiktas.tr\/?p=54935","title":{"rendered":"Fenerbah\u00e7e&#8217;de Sidiki Cherif transferi an meselesi"},"content":{"rendered":"<div>\n<div>Ara transfer periyodunda forvet aray\u0131\u015flar\u0131n\u0131 s\u00fcrd\u00fcren Fenerbah\u00e7e&#8217;de Angers formas\u0131 giyen Sidiki Cherif ile g\u00f6r\u00fc\u015fmelerde keyifli sona ula\u015f\u0131ld\u0131.<\/div>\n<div>\u00a0<\/div>\n<div>Fabrizio Romano&#8217;nun haberine nazaran Fenerbah\u00e7e, Sidiki Cherif&#8217;i sat\u0131n alma opsiyonuyla kiralad\u0131.<\/div>\n<div>\u00a0<\/div>\n<div>Haberin devam\u0131nda ise sat\u0131n alma opsiyonunun 22 milyon Euro ve bonuslar oldu\u011fu yaz\u0131ld\u0131.<\/div>\n<div>\u00a0<\/div>\n<div><strong>BU D\u00d6NEM PERFORMANSI<\/strong><\/div>\n<div>\u00a0<\/div>\n<div>Forvet ve sol kanat mevkilerinde misyon yapabilen Sidiki Cherif, bu d\u00f6nem Angers formas\u0131yla Ligue 1&#8217;de \u00e7\u0131kt\u0131\u011f\u0131 19 ma\u00e7ta 4 gol kaydetti.<\/div>\n<\/p><\/div>\n","protected":false},"excerpt":{"rendered":"<p>Fenerbah\u00e7e&#8217;nin, Angers formas\u0131 giyen Sidiki Cherif&#8217;i 22 milyon Euro sat\u0131n alma opsiyonu ve bonuslar i\u00e7eren mutabakatla kiralad\u0131\u011f\u0131 \u00f6ne s\u00fcr\u00fcld\u00fc.<\/p>\n","protected":false},"author":1,"featured_media":54936,"comment_status":"open","ping_status":"open","sticky":false,"template":"","format":"standard","meta":{"footnotes":""},"categories":[25],"tags":[],"class_list":["post-54935","post","type-post","status-publish","format-standard","has-post-thumbnail","hentry","category-futbol"],"_links":{"self":[{"href":"https:\/\/haberbesiktas.tr\/index.php?rest_route=\/wp\/v2\/posts\/54935","targetHints":{"allow":["GET"]}}],"collection":[{"href":"https:\/\/haberbesiktas.tr\/index.php?rest_route=\/wp\/v2\/posts"}],"about":[{"href":"https:\/\/haberbesiktas.tr\/index.php?rest_route=\/wp\/v2\/types\/post"}],"author":[{"embeddable":true,"href":"https:\/\/haberbesiktas.tr\/index.php?rest_route=\/wp\/v2\/users\/1"}],"replies":[{"embeddable":true,"href":"https:\/\/haberbesiktas.tr\/index.php?rest_route=%2Fwp%2Fv2%2Fcomments&post=54935"}],"version-history":[{"count":1,"href":"https:\/\/haberbesiktas.tr\/index.php?rest_route=\/wp\/v2\/posts\/54935\/revisions"}],"predecessor-version":[{"id":54937,"href":"https:\/\/haberbesiktas.tr\/index.php?rest_route=\/wp\/v2\/posts\/54935\/revisions\/54937"}],"wp:featuredmedia":[{"embeddable":true,"href":"https:\/\/haberbesiktas.tr\/index.php?rest_route=\/wp\/v2\/media\/54936"}],"wp:attachment":[{"href":"https:\/\/haberbesiktas.tr\/index.php?rest_route=%2Fwp%2Fv2%2Fmedia&parent=54935"}],"wp:term":[{"taxonomy":"category","embeddable":true,"href":"https:\/\/haberbesiktas.tr\/index.php?rest_route=%2Fwp%2Fv2%2Fcategories&post=54935"},{"taxonomy":"post_tag","embeddable":true,"href":"https:\/\/haberbesiktas.tr\/index.php?rest_route=%2Fwp%2Fv2%2Ftags&post=54935"}],"curies":[{"name":"wp","href":"https:\/\/api.w.org\/{rel}","templated":true}]}}