{"id":54938,"date":"2026-01-31T05:36:04","date_gmt":"2026-01-31T05:36:04","guid":{"rendered":"https:\/\/haberbesiktas.tr\/?p=54938"},"modified":"2026-01-31T05:36:04","modified_gmt":"2026-01-31T05:36:04","slug":"noa-langdan-kluiverta-galatasaray-cagrisi","status":"publish","type":"post","link":"https:\/\/haberbesiktas.tr\/?p=54938","title":{"rendered":"Noa Lang&#8217;dan Kluivert&#8217;a Galatasaray \u00e7a\u011fr\u0131s\u0131"},"content":{"rendered":"<div>\n<div>Galatasaray&#8217;\u0131n orta transfer devrinde Napoli&#8217;den kiral\u0131k olarak tak\u0131m\u0131na katt\u0131\u011f\u0131 Noa Lang, sar\u0131-k\u0131rm\u0131z\u0131l\u0131 taraftarlar\u0131 heyecanland\u0131ran bir atakta bulundu.<\/div>\n<div>\u00a0<\/div>\n<div>Hollandal\u0131 hamle oyuncusu, \u00e7ocukluk arkada\u015f\u0131 olan ve Premier Lig grubu Bournemouth&#8217;ta top ko\u015fturan Justin Kluivert&#8217;\u0131n Instagram g\u00f6nderisine <strong>&#8220;Come to Gala bro&#8221; (Galatasaray&#8217;a gel karde\u015fim)<\/strong> yorumu yapt\u0131.<\/div>\n<div>\u00a0<\/div>\n<div>Justin Kluivert daha evvel Noa Lang&#8217;\u0131n \u00fc\u00e7l\u00fc \u00e7ektirdi\u011fi bir g\u00f6r\u00fcnt\u00fcy\u00fc be\u011fenmi\u015fti.<\/div>\n<div>\u00a0<\/div>\n<div><strong>\u0130\u015fte Noa Lang&#8217;\u0131n o yorumu:<\/strong><\/div>\n<div>\u00a0<\/div>\n<div><img decoding=\"async\" src=\"https:\/\/haberbesiktas.tr\/wp-content\/uploads\/2026\/01\/noa-langdan-kluiverta-galatasaray-cagrisi-0-h58Usxz1.jpeg\"\/><\/div>\n<div>\u00a0<\/div>\n<div><strong>\u0130kili \u00e7ok yak\u0131n arkada\u015f ve Hollanda alt ya\u015f kategorilerinde birlikte forma giymi\u015fti.<\/strong><\/div>\n<div>\u00a0<\/div>\n<div><img decoding=\"async\" src=\"https:\/\/haberbesiktas.tr\/wp-content\/uploads\/2026\/01\/noa-langdan-kluiverta-galatasaray-cagrisi-1-CC4Lpz7j.jpeg\"\/><\/div>\n<div><img decoding=\"async\" src=\"https:\/\/haberbesiktas.tr\/wp-content\/uploads\/2026\/01\/noa-langdan-kluiverta-galatasaray-cagrisi-2-KjnrIHkN.jpeg\"\/><\/div>\n<\/p><\/div>\n","protected":false},"excerpt":{"rendered":"<p>Orta transferde Galatasaray&#8217;a kat\u0131lan Noa Lang, Bournemouth formas\u0131 giyen Justin Kluivert&#8217;a toplumsal medya \u00fczerinden &#8220;Come to Gala bro&#8221; diyerek sar\u0131-k\u0131rm\u0131z\u0131l\u0131 taraftarlar\u0131 heyecanland\u0131rd\u0131.<\/p>\n","protected":false},"author":1,"featured_media":54939,"comment_status":"open","ping_status":"open","sticky":false,"template":"","format":"standard","meta":{"footnotes":""},"categories":[25],"tags":[],"class_list":["post-54938","post","type-post","status-publish","format-standard","has-post-thumbnail","hentry","category-futbol"],"_links":{"self":[{"href":"https:\/\/haberbesiktas.tr\/index.php?rest_route=\/wp\/v2\/posts\/54938","targetHints":{"allow":["GET"]}}],"collection":[{"href":"https:\/\/haberbesiktas.tr\/index.php?rest_route=\/wp\/v2\/posts"}],"about":[{"href":"https:\/\/haberbesiktas.tr\/index.php?rest_route=\/wp\/v2\/types\/post"}],"author":[{"embeddable":true,"href":"https:\/\/haberbesiktas.tr\/index.php?rest_route=\/wp\/v2\/users\/1"}],"replies":[{"embeddable":true,"href":"https:\/\/haberbesiktas.tr\/index.php?rest_route=%2Fwp%2Fv2%2Fcomments&post=54938"}],"version-history":[{"count":1,"href":"https:\/\/haberbesiktas.tr\/index.php?rest_route=\/wp\/v2\/posts\/54938\/revisions"}],"predecessor-version":[{"id":54943,"href":"https:\/\/haberbesiktas.tr\/index.php?rest_route=\/wp\/v2\/posts\/54938\/revisions\/54943"}],"wp:featuredmedia":[{"embeddable":true,"href":"https:\/\/haberbesiktas.tr\/index.php?rest_route=\/wp\/v2\/media\/54939"}],"wp:attachment":[{"href":"https:\/\/haberbesiktas.tr\/index.php?rest_route=%2Fwp%2Fv2%2Fmedia&parent=54938"}],"wp:term":[{"taxonomy":"category","embeddable":true,"href":"https:\/\/haberbesiktas.tr\/index.php?rest_route=%2Fwp%2Fv2%2Fcategories&post=54938"},{"taxonomy":"post_tag","embeddable":true,"href":"https:\/\/haberbesiktas.tr\/index.php?rest_route=%2Fwp%2Fv2%2Ftags&post=54938"}],"curies":[{"name":"wp","href":"https:\/\/api.w.org\/{rel}","templated":true}]}}