{"id":54953,"date":"2026-01-31T06:24:07","date_gmt":"2026-01-31T06:24:07","guid":{"rendered":"https:\/\/haberbesiktas.tr\/?p=54953"},"modified":"2026-01-31T06:24:07","modified_gmt":"2026-01-31T06:24:07","slug":"antalyaspor-baskani-riza-percinden-hakem-aciklamasi","status":"publish","type":"post","link":"https:\/\/haberbesiktas.tr\/?p=54953","title":{"rendered":"Antalyaspor Ba\u015fkan\u0131 R\u0131za Per\u00e7in&#8217;den hakem a\u00e7\u0131klamas\u0131"},"content":{"rendered":"<div>\n<div>Trendyol Muhte\u015fem Lig&#8217;in 20. haftas\u0131nda Trabzonspor ile meskeninde 1-1 berabere kalan Hesap.com Antalyaspor&#8217;da lider \u0130stek Per\u00e7in, <strong>&#8220;Tak\u0131m\u0131m\u0131za art\u0131k \u00e7ok g\u00fcveniyoruz. &#8216;Art\u0131k bir aile olduk&#8217; diyebiliriz. Antalyaspor olarak kenetlendik.&#8221;<\/strong> dedi.<\/div>\n<div>\u00a0<\/div>\n<div>Per\u00e7in, m\u00fcsabakan\u0131n akabinde gazetecilere yapt\u0131\u011f\u0131 a\u00e7\u0131klamada, ligin ikinci yar\u0131s\u0131na \u00e2l\u00e2 performans ve puanlarla ba\u015flad\u0131klar\u0131n\u0131 s\u00f6yledi.<\/div>\n<div>\u00a0<\/div>\n<div>Tak\u0131m\u0131n g\u00fczel yolda oldu\u011funa belirten Per\u00e7in, <strong>&#8220;Tak\u0131m art\u0131k tepki veriyor. Buras\u0131 art\u0131k kolay bir deplasman olmad\u0131\u011f\u0131n\u0131 herkese g\u00f6steriyor. Oyuncular\u0131m\u0131z di\u015fe di\u015f gayret ediyor.&#8221;<\/strong> diye konu\u015ftu.<\/div>\n<div>\u00a0<\/div>\n<div><strong>&#8220;Penalt\u0131 konumlar\u0131 olmasayd\u0131 Trabzonspor kar\u015f\u0131s\u0131nda alandan \u00e7ok daha farkl\u0131 bir sonu\u00e7la ayr\u0131labilirdik.&#8221;<\/strong> tabirini kullanan Per\u00e7in, <strong>&#8220;Galip gelebilirdik. B\u00fct\u00fcn futbolcu karde\u015flerime, Sami U\u011furlu hocam\u0131za te\u015fekk\u00fcr ediyorum. Bilhassa de iki haftadan beri \u00f6zel bir te\u015fekk\u00fcr\u00fc hak eden de taraftar\u0131m\u0131z var. Taraftar gruplar\u0131m\u0131z daima birlikte omuz omuza oldular. Futbolcular\u0131m\u0131zla alanda bir arada ne kadar gayret ediyorsa taraftar k\u00fcmeleri da taraftarlar\u0131m\u0131z da 90 dakika susmadan \u00e7aba ediyor. Hepsine teker teker te\u015fekk\u00fcr ediyoruz.&#8221;<\/strong> yorumunu yapt\u0131.<\/div>\n<div>\u00a0<\/div>\n<div>Per\u00e7in, haftaya Karag\u00fcmr\u00fck deplasman\u0131ndan da \u00e2l\u00e2 sonu\u00e7 almay\u0131 hedeflediklerini lisana getirerek, <strong>&#8220;Tak\u0131m\u0131m\u0131za art\u0131k \u00e7ok g\u00fcveniyoruz. &#8216;Art\u0131k bir aile olduk&#8217; diyebiliriz. Antalyaspor olarak kenetlendik. Kul\u00fcb\u00fcn do\u011fal ki maddi meseleleri devam etmekte. Bizler idare olarak elimizden geleni yap\u0131yoruz, yapmaya da devam edece\u011fiz. Antalya&#8217;y\u0131 tekrar buradaki dinamikleri, akil Antalyasporlular\u0131 ve i\u015f d\u00fcnyas\u0131n\u0131 takviyeye \u00e7a\u011f\u0131r\u0131yoruz. \u00d6n\u00fcm\u00fczdeki g\u00fcnlerde esasen bununla ilgili yar\u0131m b\u0131rakt\u0131\u011f\u0131m\u0131z projeleri ortaya \u00e7\u0131karmaya ba\u015flayaca\u011f\u0131z.&#8221;<\/strong> formunda konu\u015ftu.<\/div>\n<div>\u00a0<\/div>\n<div>T\u00fcrk hakemlerine her vakit g\u00fcvendiklerine dikkati \u00e7eken Per\u00e7in, \u015funlar\u0131 kaydetti:<\/div>\n<div>\u00a0<\/div>\n<div><strong>&#8220;\u00d6zellikle gen\u00e7 hakemlere \u00e7ok g\u00fcveniyoruz. Hakem oyun i\u00e7erisinde birtak\u0131m haklar\u0131n\u0131 rakibimizden yana kulland\u0131. Daha dikkatli olurlarsa memnun oluruz. Zira Anadolu kul\u00fcpleri ekonomik olarak g\u00fc\u00e7 g\u00fcnlerden ge\u00e7iyor. Ma\u00e7lara \u00e7\u0131kmadan \u00e7ok y\u0131pran\u0131yoruz. Burada da biz bir \u015fey istemiyoruz. Bazen mesken sahibi &#8216;y\u00fczde 1 de olsa bir avantaj ister.&#8217; Biz onu da istemiyoruz. \u00d6n\u00fcm\u00fczdeki haftayla ilgili in\u015fallah hakem arkada\u015flar \u00e7ok daha dikkatli olacak. Biz hakem arkada\u015f\u0131m\u0131za g\u00fcvendi\u011fimizi s\u00f6yledik. Takdir haklar\u0131n\u0131 bug\u00fcn biraz kar\u015f\u0131 rakibe vermi\u015f olabilir lakin bundan sonra da in\u015fallah kendisine \u00e7ok g\u00fcveniyoruz, ba\u015far\u0131l\u0131 bir hakem.&#8221;<\/strong><\/div>\n<div>\u00a0<\/div>\n<div>Transfer mahzurunu a\u015fmak i\u00e7in ellerinden geleni yapt\u0131klar\u0131na i\u015faret eden Per\u00e7in, var olan futbolcular\u0131n \u00f6demelerini yapmak, onlar\u0131 memnun etmek i\u00e7in \u00e7al\u0131\u015ft\u0131klar\u0131n\u0131 vurgulad\u0131.<\/div>\n<div>\u00a0<\/div>\n<div>Futbolculara g\u00fcvendiklerini anlatan Per\u00e7in, \u00f6ncelikli hedeflerinin kadrodaki oyuncular\u0131 maddi ve manevi taraftan keyifli etmek oldu\u011funu s\u00f6yledi.<\/div>\n<div>\u00a0<\/div>\n<div>Hasan Yakub \u0130l\u00e7in ve kimi gen\u00e7 futbolcular\u0131n Fenerbah\u00e7e&#8217;ye transfer olaca\u011f\u0131 istikametindeki bir soru \u00fczerine Per\u00e7in, \u015fu cevab\u0131 verdi:<\/div>\n<div>\u00a0<\/div>\n<div><strong>&#8220;Kul\u00fcb\u00fcm\u00fcze teklifler var. Sat\u0131\u015f ya da onunla ilgili bir fikir olursa bizim \u00f6ncelikli emelimiz y\u00fczde olarak sat\u0131\u015fa y\u00fcksek bir hisse koymakt\u0131r. Yani \u015fu an i\u00e7in a\u015fik\u00e2r bir \u015fey yok fakat hafta i\u00e7i in\u015fallah bununla da ilgili bir karar vermi\u015f oluruz. O arkada\u015flar\u0131m\u0131z\u0131n geli\u015fimi a\u00e7\u0131s\u0131ndan \u0130stanbul&#8217;da, o kul\u00fcplerde vitrine \u00e7\u0131k\u0131p kendini g\u00f6sterip Avrupa&#8217;ya a\u00e7\u0131lmalar\u0131 daha kolay oluyor. Oradan mesela biz y\u00fczde 40&#8217;lara varan bir sonraki transferden hisse koyabilirsek kul\u00fcb\u00fcm\u00fcze k\u0131ymetli bir girdi olacakt\u0131r.&#8221;<\/strong><\/div>\n<div><strong>\u00a0<\/strong><\/div>\n<\/p><\/div>\n","protected":false},"excerpt":{"rendered":"<p>Hesap.com Antalyaspor&#8217;da Lider \u0130stek Per\u00e7in, kadronun kenetlendi\u011fini, oyunculara g\u00fcvendiklerini ve taraftar takviyesinin ehemmiyetine dikkat \u00e7ekti.<\/p>\n","protected":false},"author":1,"featured_media":54954,"comment_status":"open","ping_status":"open","sticky":false,"template":"","format":"standard","meta":{"footnotes":""},"categories":[25],"tags":[691,485,63],"class_list":["post-54953","post","type-post","status-publish","format-standard","has-post-thumbnail","hentry","category-futbol","tag-artik","tag-futbolcu","tag-hak"],"_links":{"self":[{"href":"https:\/\/haberbesiktas.tr\/index.php?rest_route=\/wp\/v2\/posts\/54953","targetHints":{"allow":["GET"]}}],"collection":[{"href":"https:\/\/haberbesiktas.tr\/index.php?rest_route=\/wp\/v2\/posts"}],"about":[{"href":"https:\/\/haberbesiktas.tr\/index.php?rest_route=\/wp\/v2\/types\/post"}],"author":[{"embeddable":true,"href":"https:\/\/haberbesiktas.tr\/index.php?rest_route=\/wp\/v2\/users\/1"}],"replies":[{"embeddable":true,"href":"https:\/\/haberbesiktas.tr\/index.php?rest_route=%2Fwp%2Fv2%2Fcomments&post=54953"}],"version-history":[{"count":1,"href":"https:\/\/haberbesiktas.tr\/index.php?rest_route=\/wp\/v2\/posts\/54953\/revisions"}],"predecessor-version":[{"id":54955,"href":"https:\/\/haberbesiktas.tr\/index.php?rest_route=\/wp\/v2\/posts\/54953\/revisions\/54955"}],"wp:featuredmedia":[{"embeddable":true,"href":"https:\/\/haberbesiktas.tr\/index.php?rest_route=\/wp\/v2\/media\/54954"}],"wp:attachment":[{"href":"https:\/\/haberbesiktas.tr\/index.php?rest_route=%2Fwp%2Fv2%2Fmedia&parent=54953"}],"wp:term":[{"taxonomy":"category","embeddable":true,"href":"https:\/\/haberbesiktas.tr\/index.php?rest_route=%2Fwp%2Fv2%2Fcategories&post=54953"},{"taxonomy":"post_tag","embeddable":true,"href":"https:\/\/haberbesiktas.tr\/index.php?rest_route=%2Fwp%2Fv2%2Ftags&post=54953"}],"curies":[{"name":"wp","href":"https:\/\/api.w.org\/{rel}","templated":true}]}}