{"id":54956,"date":"2026-01-31T06:36:05","date_gmt":"2026-01-31T06:36:05","guid":{"rendered":"https:\/\/haberbesiktas.tr\/?p=54956"},"modified":"2026-01-31T06:36:05","modified_gmt":"2026-01-31T06:36:05","slug":"eintracht-frankfurtta-albert-riera-donemi","status":"publish","type":"post","link":"https:\/\/haberbesiktas.tr\/?p=54956","title":{"rendered":"Eintracht Frankfurt&#8217;ta Albert Riera d\u00f6nemi!"},"content":{"rendered":"<div>Bundesliga gruplar\u0131ndan Eintracht Frankfurt&#8217;ta yeni teknik y\u00f6netici muhakkak oldu.<\/p>\n<p> Almanya temsilcisi, teknik y\u00f6neticilik misyonu i\u00e7in Albert Riera ile muahede sa\u011flad\u0131.<\/p>\n<p> Eintracht Frankfurt, 43 ya\u015f\u0131ndaki Albert Riera ile 2028&#8217;e kadar kontrat imzalad\u0131.<\/p>\n<p> Galatasaray&#8217;da yard\u0131mc\u0131 antren\u00f6r olarak misyona ba\u015flayan Albert Riera daha sonra NK Olimpija, NK Celje ve Bordeaux&#8217;da misyon alm\u0131\u015ft\u0131.<\/p>\n<p> Albert Riera, 1 Slovenya Ligi ve 2 Slovenya Kupas\u0131 \u015fampiyonlu\u011fu ya\u015fad\u0131.<\/p>\n<p> \u00a0<\/p>\n<\/div>\n","protected":false},"excerpt":{"rendered":"<p>43 ya\u015f\u0131ndaki \u0130spanyol teknik y\u00f6netici Albert Riera, Eintracht Frankfurt&#8217;un ba\u015f\u0131na ge\u00e7ti.<\/p>\n","protected":false},"author":1,"featured_media":54957,"comment_status":"open","ping_status":"open","sticky":false,"template":"","format":"standard","meta":{"footnotes":""},"categories":[25],"tags":[],"class_list":["post-54956","post","type-post","status-publish","format-standard","has-post-thumbnail","hentry","category-futbol"],"_links":{"self":[{"href":"https:\/\/haberbesiktas.tr\/index.php?rest_route=\/wp\/v2\/posts\/54956","targetHints":{"allow":["GET"]}}],"collection":[{"href":"https:\/\/haberbesiktas.tr\/index.php?rest_route=\/wp\/v2\/posts"}],"about":[{"href":"https:\/\/haberbesiktas.tr\/index.php?rest_route=\/wp\/v2\/types\/post"}],"author":[{"embeddable":true,"href":"https:\/\/haberbesiktas.tr\/index.php?rest_route=\/wp\/v2\/users\/1"}],"replies":[{"embeddable":true,"href":"https:\/\/haberbesiktas.tr\/index.php?rest_route=%2Fwp%2Fv2%2Fcomments&post=54956"}],"version-history":[{"count":1,"href":"https:\/\/haberbesiktas.tr\/index.php?rest_route=\/wp\/v2\/posts\/54956\/revisions"}],"predecessor-version":[{"id":54958,"href":"https:\/\/haberbesiktas.tr\/index.php?rest_route=\/wp\/v2\/posts\/54956\/revisions\/54958"}],"wp:featuredmedia":[{"embeddable":true,"href":"https:\/\/haberbesiktas.tr\/index.php?rest_route=\/wp\/v2\/media\/54957"}],"wp:attachment":[{"href":"https:\/\/haberbesiktas.tr\/index.php?rest_route=%2Fwp%2Fv2%2Fmedia&parent=54956"}],"wp:term":[{"taxonomy":"category","embeddable":true,"href":"https:\/\/haberbesiktas.tr\/index.php?rest_route=%2Fwp%2Fv2%2Fcategories&post=54956"},{"taxonomy":"post_tag","embeddable":true,"href":"https:\/\/haberbesiktas.tr\/index.php?rest_route=%2Fwp%2Fv2%2Ftags&post=54956"}],"curies":[{"name":"wp","href":"https:\/\/api.w.org\/{rel}","templated":true}]}}