{"id":55012,"date":"2026-01-31T10:36:07","date_gmt":"2026-01-31T10:36:07","guid":{"rendered":"https:\/\/haberbesiktas.tr\/?p=55012"},"modified":"2026-01-31T10:36:07","modified_gmt":"2026-01-31T10:36:07","slug":"fenerbahce-stadi-tasiniyor-mu-resmi-aciklama","status":"publish","type":"post","link":"https:\/\/haberbesiktas.tr\/?p=55012","title":{"rendered":"Fenerbah\u00e7e Stad\u0131 ta\u015f\u0131n\u0131yor mu? Resmi a\u00e7\u0131klama"},"content":{"rendered":"<div>Fenerbah\u00e7e Kul\u00fcb\u00fc Y\u00fcksek Divan Kurulu Ba\u015fkan\u0131 \u015eekip Mosturo\u011flu, Chobani Stad\u0131&#8217;n\u0131n ta\u015f\u0131nmas\u0131n\u0131n kelam konusu olmad\u0131\u011f\u0131n\u0131 s\u00f6yledi.<\/p>\n<p> Sar\u0131-lacivertli kul\u00fcb\u00fcn Fenerbah\u00e7e Faruk Ilgaz Tesisleri&#8217;nde ger\u00e7ekle\u015ftirilen Y\u00fcksek Divan Kurulu Toplant\u0131s\u0131&#8217;nda konu\u015fan Mosturo\u011flu, <strong>&#8220;Fenerbah\u00e7e Stad\u0131&#8217;n\u0131n ta\u015f\u0131nmas\u0131 m\u00fcmk\u00fcn de\u011fildir. Fenerbah\u00e7e Kul\u00fcb\u00fc var oldu\u011fu s\u00fcrece bu stat kul\u00fcbe ili\u015fkin olacakt\u0131r. Bu stad\u0131n yap\u0131lmas\u0131nda toplulu\u011fumuzun al\u0131n terinin, katk\u0131lar\u0131n\u0131n sonu\u00e7lar\u0131 vard\u0131r. Biz devletten bir stat almad\u0131k. Kendimize ili\u015fkin stad\u0131 devlete verip \u00fczerine in\u015faat\u0131 biz yapt\u0131k. Bu yetki t\u00fcz\u00fck gere\u011fi genel \u015furaya aittir. Genel konsey m\u00fcsaade vermedi\u011fi s\u00fcrece bu stat ebediyen bizim olacakt\u0131r.&#8221;<\/strong> diye konu\u015ftu.<\/p>\n<p> \u015eekip Mosturo\u011flu, t\u00fcz\u00fck de\u011fi\u015fikli\u011fi konusunda ise<strong> &#8220;T\u00fcz\u00fck de\u011fi\u015fikli\u011fi, yenile\u015ftirme \u00e7al\u0131\u015fmalar\u0131 da konu\u015fuluyor. Fethi Pekin periyodunda \u00e7al\u0131\u015fma ba\u015flam\u0131\u015ft\u0131r. \u015eu an Ali G\u00fcrb\u00fcz devam ettirmektedir. G\u00fcndemimizde bu t\u00fcrl\u00fc bir durum yoktur. T\u00fcz\u00fckte yap\u0131lacak her t\u00fcrl\u00fc de\u011fi\u015fikli\u011fe karar verme yetkisi de genel \u015furaya aittir. \u0130dare konseyinin bu t\u00fcrl\u00fc bir yetkisi yoktur.&#8221;<\/strong> de\u011ferlendirmesinde bulundu. <\/p>\n<\/div>\n","protected":false},"excerpt":{"rendered":"<p>Chobani Stadyumu Fenerbah\u00e7e \u015e\u00fckr\u00fc Saraco\u011flu Spor Kompleksi&#8217;nin ta\u015f\u0131nmas\u0131yla ilgili toplumsal medyada g\u00fcnlerdir yer alan savlar \u00fczerine a\u00e7\u0131klama yap\u0131ld\u0131.<\/p>\n","protected":false},"author":1,"featured_media":55013,"comment_status":"open","ping_status":"open","sticky":false,"template":"","format":"standard","meta":{"footnotes":""},"categories":[25],"tags":[186],"class_list":["post-55012","post","type-post","status-publish","format-standard","has-post-thumbnail","hentry","category-futbol","tag-kurul"],"_links":{"self":[{"href":"https:\/\/haberbesiktas.tr\/index.php?rest_route=\/wp\/v2\/posts\/55012","targetHints":{"allow":["GET"]}}],"collection":[{"href":"https:\/\/haberbesiktas.tr\/index.php?rest_route=\/wp\/v2\/posts"}],"about":[{"href":"https:\/\/haberbesiktas.tr\/index.php?rest_route=\/wp\/v2\/types\/post"}],"author":[{"embeddable":true,"href":"https:\/\/haberbesiktas.tr\/index.php?rest_route=\/wp\/v2\/users\/1"}],"replies":[{"embeddable":true,"href":"https:\/\/haberbesiktas.tr\/index.php?rest_route=%2Fwp%2Fv2%2Fcomments&post=55012"}],"version-history":[{"count":1,"href":"https:\/\/haberbesiktas.tr\/index.php?rest_route=\/wp\/v2\/posts\/55012\/revisions"}],"predecessor-version":[{"id":55014,"href":"https:\/\/haberbesiktas.tr\/index.php?rest_route=\/wp\/v2\/posts\/55012\/revisions\/55014"}],"wp:featuredmedia":[{"embeddable":true,"href":"https:\/\/haberbesiktas.tr\/index.php?rest_route=\/wp\/v2\/media\/55013"}],"wp:attachment":[{"href":"https:\/\/haberbesiktas.tr\/index.php?rest_route=%2Fwp%2Fv2%2Fmedia&parent=55012"}],"wp:term":[{"taxonomy":"category","embeddable":true,"href":"https:\/\/haberbesiktas.tr\/index.php?rest_route=%2Fwp%2Fv2%2Fcategories&post=55012"},{"taxonomy":"post_tag","embeddable":true,"href":"https:\/\/haberbesiktas.tr\/index.php?rest_route=%2Fwp%2Fv2%2Ftags&post=55012"}],"curies":[{"name":"wp","href":"https:\/\/api.w.org\/{rel}","templated":true}]}}