{"id":55015,"date":"2026-01-31T10:48:10","date_gmt":"2026-01-31T10:48:10","guid":{"rendered":"https:\/\/haberbesiktas.tr\/?p=55015"},"modified":"2026-01-31T10:48:10","modified_gmt":"2026-01-31T10:48:10","slug":"galatasaray-sampiyonlar-ligi-kadrosunu-guncelliyor","status":"publish","type":"post","link":"https:\/\/haberbesiktas.tr\/?p=55015","title":{"rendered":"Galatasaray, \u015eampiyonlar Ligi kadrosunu g\u00fcncelliyor"},"content":{"rendered":"<div>\n<div>Galatasaray, \u015eampiyonlar Ligi&#8217;nde yoluna devam etmek i\u00e7in Juventus p\u00fcr\u00fcz\u00fcn\u00fc a\u015fmay\u0131 hedefliyor.<\/div>\n<div>\u00a0<\/div>\n<div>UEFA&#8217;ya bildirilen tak\u0131m listesinde \u00fc\u00e7 de\u011fi\u015fiklik yapabilecek olan sar\u0131-k\u0131rm\u0131z\u0131l\u0131lar, bu hakk\u0131 yeni transferlerini dahil etmek i\u00e7in kullanacak.<\/div>\n<div>\u00a0<\/div>\n<div>\u0130lk etapta yeni transferler Lang ve Asprilla, UEFA listesinde yer alacak. Sar\u0131-k\u0131rm\u0131z\u0131l\u0131lar, \u00fc\u00e7\u00fcnc\u00fc transfer konusunda ise \u015fimdi karar vermedi. Gen\u00e7 sol bek Kaz\u0131mcan Karata\u015f ise listede bulunmamas\u0131 nedeniyle \u015fu an s\u0131ra bekliyor.<\/div>\n<div>\u00a0<\/div>\n<div>Avrupa&#8217;n\u0131n b\u00fcy\u00fck liglerinde transfer periyodunun 3 \u015eubat&#8217;ta sona erecek olmas\u0131 ve T\u00fcrkiye&#8217;de 6 \u015eubat&#8217;a kadar s\u00fcrmesi, Galatasaray&#8217;a f\u0131rsat transferi i\u00e7in vakit tan\u0131yacak.<\/div>\n<div>\u00a0<\/div>\n<div>UEFA&#8217;ya yap\u0131lacak de\u011fi\u015fikliklerin son g\u00fcn\u00fc ise 5 \u015eubat 2026, saat 23.59 olarak belirlendi. Sar\u0131-k\u0131rm\u0131z\u0131l\u0131lar, Osimhen gibisi bir f\u0131rsat\u0131 k\u0131ymetlendirerek tak\u0131m\u0131n\u0131 g\u00fc\u00e7lendirmeyi planl\u0131yor.<\/div>\n<\/p><\/div>\n","protected":false},"excerpt":{"rendered":"<p>Galatasaray, \u015eampiyonlar Ligi play-off \u00f6ncesinde UEFA listesinde \u00fc\u00e7 de\u011fi\u015fiklik hakk\u0131n\u0131 kullanacak.<\/p>\n","protected":false},"author":1,"featured_media":55016,"comment_status":"open","ping_status":"open","sticky":false,"template":"","format":"standard","meta":{"footnotes":""},"categories":[25],"tags":[48],"class_list":["post-55015","post","type-post","status-publish","format-standard","has-post-thumbnail","hentry","category-futbol","tag-transfer"],"_links":{"self":[{"href":"https:\/\/haberbesiktas.tr\/index.php?rest_route=\/wp\/v2\/posts\/55015","targetHints":{"allow":["GET"]}}],"collection":[{"href":"https:\/\/haberbesiktas.tr\/index.php?rest_route=\/wp\/v2\/posts"}],"about":[{"href":"https:\/\/haberbesiktas.tr\/index.php?rest_route=\/wp\/v2\/types\/post"}],"author":[{"embeddable":true,"href":"https:\/\/haberbesiktas.tr\/index.php?rest_route=\/wp\/v2\/users\/1"}],"replies":[{"embeddable":true,"href":"https:\/\/haberbesiktas.tr\/index.php?rest_route=%2Fwp%2Fv2%2Fcomments&post=55015"}],"version-history":[{"count":1,"href":"https:\/\/haberbesiktas.tr\/index.php?rest_route=\/wp\/v2\/posts\/55015\/revisions"}],"predecessor-version":[{"id":55017,"href":"https:\/\/haberbesiktas.tr\/index.php?rest_route=\/wp\/v2\/posts\/55015\/revisions\/55017"}],"wp:featuredmedia":[{"embeddable":true,"href":"https:\/\/haberbesiktas.tr\/index.php?rest_route=\/wp\/v2\/media\/55016"}],"wp:attachment":[{"href":"https:\/\/haberbesiktas.tr\/index.php?rest_route=%2Fwp%2Fv2%2Fmedia&parent=55015"}],"wp:term":[{"taxonomy":"category","embeddable":true,"href":"https:\/\/haberbesiktas.tr\/index.php?rest_route=%2Fwp%2Fv2%2Fcategories&post=55015"},{"taxonomy":"post_tag","embeddable":true,"href":"https:\/\/haberbesiktas.tr\/index.php?rest_route=%2Fwp%2Fv2%2Ftags&post=55015"}],"curies":[{"name":"wp","href":"https:\/\/api.w.org\/{rel}","templated":true}]}}