{"id":55018,"date":"2026-01-31T11:00:05","date_gmt":"2026-01-31T11:00:05","guid":{"rendered":"https:\/\/haberbesiktas.tr\/?p=55018"},"modified":"2026-01-31T11:00:05","modified_gmt":"2026-01-31T11:00:05","slug":"trabzonspor-yusuf-sari-icin-gorusmelere-basladi","status":"publish","type":"post","link":"https:\/\/haberbesiktas.tr\/?p=55018","title":{"rendered":"Trabzonspor, Yusuf Sar\u0131 i\u00e7in g\u00f6r\u00fc\u015fmelere ba\u015flad\u0131"},"content":{"rendered":"<div>\n<div>Trabzonspor, transfer \u00e7al\u0131\u015fmalar\u0131nda kanat \u00e7izgisine destek yapmay\u0131 hedefliyor.<\/div>\n<div>\u00a0<\/div>\n<div>Olaigbe&#8217;nin Konyaspor&#8217;a transfer olmas\u0131 ve Cihan \u00c7anak&#8217;\u0131n Gen\u00e7lerbirli\u011fi&#8217;ne kiralanmas\u0131n\u0131n akabinde bo\u015falan b\u00f6lgede teknik y\u00f6netici Fatih Tekke&#8217;nin raporu do\u011frultusunda hem yerli hem de yabanc\u0131 alternatifler bedellendiriliyor.<\/div>\n<div>\u00a0<\/div>\n<div>Bordo-Mavililer&#8217;in radar\u0131na giren isim ise Ba\u015fak\u015fehir formas\u0131 giyen Yusuf Sar\u0131 oldu. 26 ya\u015f\u0131ndaki futbolcunun A Ulusal Ekip tecr\u00fcbesi ve S\u00fcper Lig deneyimi, Trabzonspor i\u00e7in de\u011ferli bir avantaj olarak g\u00f6r\u00fcl\u00fcyor. Fatih Tekke&#8217;nin yak\u0131ndan takip etti\u011fi oyuncu i\u00e7in idare, Ba\u015fak\u015fehir ile resmi temaslar\u0131 \u00f6n\u00fcm\u00fczdeki g\u00fcnlerde ba\u015flatmay\u0131 planl\u0131yor.<\/div>\n<div>\u00a0<\/div>\n<div><strong>TRABZONSPOR&#8217;DA 69 MA\u00c7<\/strong><\/div>\n<div>\u00a0<\/div>\n<div>Yusuf Sar\u0131, bu d\u00f6nem Ba\u015fak\u015fehir formas\u0131yla 14 ma\u00e7ta alana \u00e7\u0131kt\u0131 ve 3 asist yapt\u0131. Daha evvel Trabzonspor&#8217;da 2,5 d\u00f6nem ge\u00e7iren Sar\u0131, 69 ma\u00e7ta 5 gol ve 5 asistlik performans sergilemi\u015fti.<\/div>\n<\/p><\/div>\n","protected":false},"excerpt":{"rendered":"<p>Olaigbe ve Cihan \u00c7anak&#8217;\u0131n ayr\u0131lmas\u0131n\u0131n akabinde kanat s\u0131n\u0131r\u0131n\u0131 g\u00fc\u00e7lendirmek isteyen Trabzonspor, Ba\u015fak\u015fehir formas\u0131 giyen Yusuf Sar\u0131 i\u00e7in resmi temaslar\u0131 ba\u015flatmaya haz\u0131rlan\u0131yor.<\/p>\n","protected":false},"author":1,"featured_media":55019,"comment_status":"open","ping_status":"open","sticky":false,"template":"","format":"standard","meta":{"footnotes":""},"categories":[25],"tags":[],"class_list":["post-55018","post","type-post","status-publish","format-standard","has-post-thumbnail","hentry","category-futbol"],"_links":{"self":[{"href":"https:\/\/haberbesiktas.tr\/index.php?rest_route=\/wp\/v2\/posts\/55018","targetHints":{"allow":["GET"]}}],"collection":[{"href":"https:\/\/haberbesiktas.tr\/index.php?rest_route=\/wp\/v2\/posts"}],"about":[{"href":"https:\/\/haberbesiktas.tr\/index.php?rest_route=\/wp\/v2\/types\/post"}],"author":[{"embeddable":true,"href":"https:\/\/haberbesiktas.tr\/index.php?rest_route=\/wp\/v2\/users\/1"}],"replies":[{"embeddable":true,"href":"https:\/\/haberbesiktas.tr\/index.php?rest_route=%2Fwp%2Fv2%2Fcomments&post=55018"}],"version-history":[{"count":1,"href":"https:\/\/haberbesiktas.tr\/index.php?rest_route=\/wp\/v2\/posts\/55018\/revisions"}],"predecessor-version":[{"id":55020,"href":"https:\/\/haberbesiktas.tr\/index.php?rest_route=\/wp\/v2\/posts\/55018\/revisions\/55020"}],"wp:featuredmedia":[{"embeddable":true,"href":"https:\/\/haberbesiktas.tr\/index.php?rest_route=\/wp\/v2\/media\/55019"}],"wp:attachment":[{"href":"https:\/\/haberbesiktas.tr\/index.php?rest_route=%2Fwp%2Fv2%2Fmedia&parent=55018"}],"wp:term":[{"taxonomy":"category","embeddable":true,"href":"https:\/\/haberbesiktas.tr\/index.php?rest_route=%2Fwp%2Fv2%2Fcategories&post=55018"},{"taxonomy":"post_tag","embeddable":true,"href":"https:\/\/haberbesiktas.tr\/index.php?rest_route=%2Fwp%2Fv2%2Ftags&post=55018"}],"curies":[{"name":"wp","href":"https:\/\/api.w.org\/{rel}","templated":true}]}}