{"id":55024,"date":"2026-01-31T11:24:12","date_gmt":"2026-01-31T11:24:12","guid":{"rendered":"https:\/\/haberbesiktas.tr\/?p=55024"},"modified":"2026-01-31T11:24:12","modified_gmt":"2026-01-31T11:24:12","slug":"besiktastan-lukaku-icin-son-hamle","status":"publish","type":"post","link":"https:\/\/haberbesiktas.tr\/?p=55024","title":{"rendered":"Be\u015fikta\u015f&#8217;tan Lukaku i\u00e7in son hamle"},"content":{"rendered":"<div>Trendyol S\u00fcper Lig&#8217;de \u00fcst s\u0131ralar\u0131 hedefleyen Be\u015fikta\u015f&#8217;ta transfer \u00e7al\u0131\u015fmalar\u0131 s\u00fcrat kesmeden devam ediyor. Teknik y\u00f6netici Sergen Yal\u00e7\u0131n&#8217;\u0131n idareye sundu\u011fu rapor do\u011frultusunda ad\u0131mlar at\u0131l\u0131yor.<\/p>\n<p> Tammy Abraham&#8217;\u0131n Aston Villa&#8217;ya transfer olmas\u0131n\u0131n akabinde, Sergen Yal\u00e7\u0131n&#8217;\u0131n elinde gol konumunda yaln\u0131zca El Bilal Toure kald\u0131. 53 ya\u015f\u0131ndaki \u00e7al\u0131\u015ft\u0131r\u0131c\u0131, Mali oyuncuya daha \u00e7ok sol kanatta baht verirken, idare net bir 9 numara transferi yap\u0131lmas\u0131n\u0131 talep ediyor.<\/p>\n<p> <strong>LUKAKU \u0130\u00c7\u0130N B\u0130R KERE DAHA ATILIM YAPILDI<br \/><\/strong><br \/>Transfer devrinin son haftas\u0131na girilirken Be\u015fikta\u015f idaresi de hareketlendi. Son bilgilere nazaran Siyah-Beyazl\u0131lar, golc\u00fc transferi i\u00e7in daha evvel g\u00fcndemlerine ald\u0131klar\u0131 Romelu Lukaku konusunda tekrar te\u015febb\u00fcste bulundu. <\/p>\n<p> 32 ya\u015f\u0131ndaki Bel\u00e7ikal\u0131 oyuncu, uyluk sakatl\u0131\u011f\u0131 nedeniyle uzun m\u00fcddet alanlardan uzak kalm\u0131\u015ft\u0131. Daha evvel s\u0131hhat durumuyla ilgili ayr\u0131nt\u0131l\u0131 bir rapor talep edilmi\u015fti. Lakin Lukaku&#8217;nun T\u00fcrkiye&#8217;ye gelmeye s\u0131cak bakmamas\u0131 nedeniyle transfer bir m\u00fcddet ask\u0131ya al\u0131nm\u0131\u015ft\u0131.<\/p>\n<p> <strong>\u0130KNA GAYRETLER\u0130 S\u00dcR\u00dcYOR<br \/><\/strong><br \/>Kara Kartal, Lukaku i\u00e7in son bir te\u015febb\u00fcste daha bulunacak. Napoli kul\u00fcb\u00fc, tecr\u00fcbeli forveti g\u00f6ndermeye s\u0131cak bak\u0131yor ve \u0130talyan tak\u0131m\u0131n\u0131n Be\u015fikta\u015f&#8217;a kolayl\u0131k sa\u011flamas\u0131 bekleniyor. Lakin Lukaku \u015fimdi ikna edilmi\u015f de\u011fil. Transferin son g\u00fcnlerinde Bel\u00e7ikal\u0131 golc\u00fc ikna edilirse, b\u00fcy\u00fck olas\u0131l\u0131kla Siyah-Beyazl\u0131 formay\u0131 giyecek.\u00a0\u00a0<\/p>\n<\/div>\n","protected":false},"excerpt":{"rendered":"<p>Be\u015fikta\u015f, golc\u00fc kasvetini gidermek i\u00e7in Romelu Lukaku transferinde son bir at\u0131l\u0131m yap\u0131yor.<\/p>\n","protected":false},"author":1,"featured_media":55025,"comment_status":"open","ping_status":"open","sticky":false,"template":"","format":"standard","meta":{"footnotes":""},"categories":[25],"tags":[2359,48],"class_list":["post-55024","post","type-post","status-publish","format-standard","has-post-thumbnail","hentry","category-futbol","tag-lukaku","tag-transfer"],"_links":{"self":[{"href":"https:\/\/haberbesiktas.tr\/index.php?rest_route=\/wp\/v2\/posts\/55024","targetHints":{"allow":["GET"]}}],"collection":[{"href":"https:\/\/haberbesiktas.tr\/index.php?rest_route=\/wp\/v2\/posts"}],"about":[{"href":"https:\/\/haberbesiktas.tr\/index.php?rest_route=\/wp\/v2\/types\/post"}],"author":[{"embeddable":true,"href":"https:\/\/haberbesiktas.tr\/index.php?rest_route=\/wp\/v2\/users\/1"}],"replies":[{"embeddable":true,"href":"https:\/\/haberbesiktas.tr\/index.php?rest_route=%2Fwp%2Fv2%2Fcomments&post=55024"}],"version-history":[{"count":1,"href":"https:\/\/haberbesiktas.tr\/index.php?rest_route=\/wp\/v2\/posts\/55024\/revisions"}],"predecessor-version":[{"id":55026,"href":"https:\/\/haberbesiktas.tr\/index.php?rest_route=\/wp\/v2\/posts\/55024\/revisions\/55026"}],"wp:featuredmedia":[{"embeddable":true,"href":"https:\/\/haberbesiktas.tr\/index.php?rest_route=\/wp\/v2\/media\/55025"}],"wp:attachment":[{"href":"https:\/\/haberbesiktas.tr\/index.php?rest_route=%2Fwp%2Fv2%2Fmedia&parent=55024"}],"wp:term":[{"taxonomy":"category","embeddable":true,"href":"https:\/\/haberbesiktas.tr\/index.php?rest_route=%2Fwp%2Fv2%2Fcategories&post=55024"},{"taxonomy":"post_tag","embeddable":true,"href":"https:\/\/haberbesiktas.tr\/index.php?rest_route=%2Fwp%2Fv2%2Ftags&post=55024"}],"curies":[{"name":"wp","href":"https:\/\/api.w.org\/{rel}","templated":true}]}}