{"id":55141,"date":"2026-01-31T18:00:10","date_gmt":"2026-01-31T18:00:10","guid":{"rendered":"https:\/\/haberbesiktas.tr\/?p=55141"},"modified":"2026-01-31T18:00:10","modified_gmt":"2026-01-31T18:00:10","slug":"ciro-immobile-parise-imza-atiyor","status":"publish","type":"post","link":"https:\/\/haberbesiktas.tr\/?p=55141","title":{"rendered":"Ciro Immobile, Paris&#8217;e imza at\u0131yor!"},"content":{"rendered":"<div>Be\u015fikta\u015f&#8217;tan yaz transfer periyodunda Bologna&#8217;ya giden Ciro Immobile, bu defa Fransa&#8217;ya transfer oluyor.<\/p>\n<p> Fransa Ligue 1 kadrolar\u0131ndan Paris FC, transfer i\u00e7in Bologna ve Immobile ile mutabakat sa\u011flad\u0131.<\/p>\n<p> Sky&#8217;da yer alan habere nazaran, 35 ya\u015f\u0131ndaki santrfor, pazar g\u00fcn\u00fc Paris&#8217;e gidecek ve yeni ekibiyle mukavele imzalayacak. Immobile&#8217;nin, Paris FC ile 2027 y\u0131l\u0131na kadar s\u00fcrecek mukavele imzalayaca\u011f\u0131 belirtildi.<\/p>\n<p> Bologna&#8217;da bu d\u00f6nem 9 ma\u00e7ta m\u00fcddet bulamayan Immobile, a\u011flar\u0131 havaland\u0131ramad\u0131. \u0130talyan futbolcu, \u0130talya Harika Kupas\u0131&#8217;nda seri penalt\u0131larda gol sevinci ya\u015fam\u0131\u015ft\u0131.<\/p>\n<\/div>\n","protected":false},"excerpt":{"rendered":"<p>Paris FC, Ciro Immobile ile muahede sa\u011flad\u0131. Immobile, pazar g\u00fcn\u00fc Paris&#8217;e gidecek ve s\u0131hhat denetimlerinin akabinde resmi mukavele imzalayacak.<\/p>\n","protected":false},"author":1,"featured_media":55142,"comment_status":"open","ping_status":"open","sticky":false,"template":"","format":"standard","meta":{"footnotes":""},"categories":[25],"tags":[],"class_list":["post-55141","post","type-post","status-publish","format-standard","has-post-thumbnail","hentry","category-futbol"],"_links":{"self":[{"href":"https:\/\/haberbesiktas.tr\/index.php?rest_route=\/wp\/v2\/posts\/55141","targetHints":{"allow":["GET"]}}],"collection":[{"href":"https:\/\/haberbesiktas.tr\/index.php?rest_route=\/wp\/v2\/posts"}],"about":[{"href":"https:\/\/haberbesiktas.tr\/index.php?rest_route=\/wp\/v2\/types\/post"}],"author":[{"embeddable":true,"href":"https:\/\/haberbesiktas.tr\/index.php?rest_route=\/wp\/v2\/users\/1"}],"replies":[{"embeddable":true,"href":"https:\/\/haberbesiktas.tr\/index.php?rest_route=%2Fwp%2Fv2%2Fcomments&post=55141"}],"version-history":[{"count":1,"href":"https:\/\/haberbesiktas.tr\/index.php?rest_route=\/wp\/v2\/posts\/55141\/revisions"}],"predecessor-version":[{"id":55143,"href":"https:\/\/haberbesiktas.tr\/index.php?rest_route=\/wp\/v2\/posts\/55141\/revisions\/55143"}],"wp:featuredmedia":[{"embeddable":true,"href":"https:\/\/haberbesiktas.tr\/index.php?rest_route=\/wp\/v2\/media\/55142"}],"wp:attachment":[{"href":"https:\/\/haberbesiktas.tr\/index.php?rest_route=%2Fwp%2Fv2%2Fmedia&parent=55141"}],"wp:term":[{"taxonomy":"category","embeddable":true,"href":"https:\/\/haberbesiktas.tr\/index.php?rest_route=%2Fwp%2Fv2%2Fcategories&post=55141"},{"taxonomy":"post_tag","embeddable":true,"href":"https:\/\/haberbesiktas.tr\/index.php?rest_route=%2Fwp%2Fv2%2Ftags&post=55141"}],"curies":[{"name":"wp","href":"https:\/\/api.w.org\/{rel}","templated":true}]}}