{"id":55147,"date":"2026-01-31T18:24:05","date_gmt":"2026-01-31T18:24:05","guid":{"rendered":"https:\/\/haberbesiktas.tr\/?p=55147"},"modified":"2026-01-31T18:24:05","modified_gmt":"2026-01-31T18:24:05","slug":"besiktastan-asllani-paylasimi-kartal-olarak-dogdum","status":"publish","type":"post","link":"https:\/\/haberbesiktas.tr\/?p=55147","title":{"rendered":"Be\u015fikta\u015f&#8217;tan Asllani payla\u015f\u0131m\u0131: &#8220;Kartal olarak do\u011fdum&#8221;"},"content":{"rendered":"<div>Be\u015fikta\u015f, yeni transferi Kristjan Asllani i\u00e7in toplumsal medya hesaplar\u0131ndan dikkat al\u0131ml\u0131 bir payla\u015f\u0131m yapt\u0131. Siyah-beyazl\u0131 kul\u00fcb\u00fcn yay\u0131nlad\u0131\u011f\u0131 g\u00f6r\u00fcnt\u00fcde Asllani&#8217;nin kulland\u0131\u011f\u0131 s\u00f6zler k\u0131sa m\u00fcddette b\u00fcy\u00fck ilgi g\u00f6rd\u00fc.<\/p>\n<p> Asllani, payla\u015f\u0131mda &#8220;Kartal olarak do\u011fdum, bu benim kan\u0131mda var. Bir kartal asla geri ad\u0131m atmaz. Bunu g\u00f6sterece\u011fim. U\u00e7mak i\u00e7in do\u011fdum. Sava\u015fmak i\u00e7in yarat\u0131ld\u0131m. Endi\u015fe yok. Mazeret yok. Y\u00fcrekten, tam odak. Kartal olarak do\u011fdum. Her vakit Kartal\u0131m.&#8221; kelamlar\u0131yla Be\u015fikta\u015f&#8217;a olan motivasyonunu lisana getirdi.<\/p>\n<p> <strong>\u0130\u015eTE O PAYLA\u015eIM<\/strong><\/p>\n<blockquote class=\"twitter-tweet\" data-width=\"500\" data-dnt=\"true\">\n<p lang=\"tr\" dir=\"ltr\">Be\u015fikta\u015f, yeni transferi Kristjan Asllani i\u00e7in payla\u015f\u0131m yapt\u0131.\ud83d\udc47 <a href=\"https:\/\/t.co\/zwgw8SG1kZ\" rel=\"nofollow\">https:\/\/t.co\/zwgw8SG1kZ<\/a><\/p>\n<p>&mdash; Sporx (@sporx) <a href=\"https:\/\/twitter.com\/sporx\/status\/2017577637372117267?ref_src=twsrc%5Etfw\" rel=\"nofollow noopener\" target=\"_blank\">January 31, 2026<\/a><\/p><\/blockquote>\n<p><script async src=\"https:\/\/platform.twitter.com\/widgets.js\" charset=\"utf-8\"><\/script><\/p>\n<\/p><\/div>\n","protected":false},"excerpt":{"rendered":"<p>Be\u015fikta\u015f, yeni transferi Kristjan Asllani i\u00e7in yapt\u0131\u011f\u0131 toplumsal medya payla\u015f\u0131m\u0131yla taraftar\u0131n\u0131 heyecanland\u0131rd\u0131. Arnavut orta saha, iletisinde Kartal ruhuna vurgu yapt\u0131. \u0130\u015fte o payla\u015f\u0131m&#8230;<\/p>\n","protected":false},"author":1,"featured_media":55149,"comment_status":"open","ping_status":"open","sticky":false,"template":"","format":"standard","meta":{"footnotes":""},"categories":[25],"tags":[],"class_list":["post-55147","post","type-post","status-publish","format-standard","has-post-thumbnail","hentry","category-futbol"],"_links":{"self":[{"href":"https:\/\/haberbesiktas.tr\/index.php?rest_route=\/wp\/v2\/posts\/55147","targetHints":{"allow":["GET"]}}],"collection":[{"href":"https:\/\/haberbesiktas.tr\/index.php?rest_route=\/wp\/v2\/posts"}],"about":[{"href":"https:\/\/haberbesiktas.tr\/index.php?rest_route=\/wp\/v2\/types\/post"}],"author":[{"embeddable":true,"href":"https:\/\/haberbesiktas.tr\/index.php?rest_route=\/wp\/v2\/users\/1"}],"replies":[{"embeddable":true,"href":"https:\/\/haberbesiktas.tr\/index.php?rest_route=%2Fwp%2Fv2%2Fcomments&post=55147"}],"version-history":[{"count":1,"href":"https:\/\/haberbesiktas.tr\/index.php?rest_route=\/wp\/v2\/posts\/55147\/revisions"}],"predecessor-version":[{"id":55150,"href":"https:\/\/haberbesiktas.tr\/index.php?rest_route=\/wp\/v2\/posts\/55147\/revisions\/55150"}],"wp:featuredmedia":[{"embeddable":true,"href":"https:\/\/haberbesiktas.tr\/index.php?rest_route=\/wp\/v2\/media\/55149"}],"wp:attachment":[{"href":"https:\/\/haberbesiktas.tr\/index.php?rest_route=%2Fwp%2Fv2%2Fmedia&parent=55147"}],"wp:term":[{"taxonomy":"category","embeddable":true,"href":"https:\/\/haberbesiktas.tr\/index.php?rest_route=%2Fwp%2Fv2%2Fcategories&post=55147"},{"taxonomy":"post_tag","embeddable":true,"href":"https:\/\/haberbesiktas.tr\/index.php?rest_route=%2Fwp%2Fv2%2Ftags&post=55147"}],"curies":[{"name":"wp","href":"https:\/\/api.w.org\/{rel}","templated":true}]}}