{"id":55154,"date":"2026-01-31T18:48:04","date_gmt":"2026-01-31T18:48:04","guid":{"rendered":"https:\/\/haberbesiktas.tr\/?p=55154"},"modified":"2026-01-31T18:48:04","modified_gmt":"2026-01-31T18:48:04","slug":"luciano-spallettiden-galatasaray-aciklamasi","status":"publish","type":"post","link":"https:\/\/haberbesiktas.tr\/?p=55154","title":{"rendered":"Luciano Spalletti&#8217;den Galatasaray a\u00e7\u0131klamas\u0131!"},"content":{"rendered":"<div>Juventus Teknik Y\u00f6neticisi Luciano Spalletti, ligde Parma ile oynayacaklar\u0131 ma\u00e7 \u00f6ncesi bas\u0131n toplant\u0131s\u0131nda a\u00e7\u0131klamalarda bulundu.<\/p>\n<p> \u0130talyan teknik adam, bas\u0131n toplant\u0131s\u0131nda \u015eampiyonlar Ligi&#8217;ndeki Galatasaray e\u015fle\u015fmesine de de\u011findi.<\/p>\n<p><strong>&#8220;BA\u015eA \u00c7IKMAK ZORUNDAYIZ&#8221;<\/strong><\/p>\n<p> Spalletti, <strong>&#8220;Orada futbolu \u00e7ok seviyorlar. \u0130stanbul&#8217;a ma\u00e7 oynamak i\u00e7in gitti\u011finizde g\u00fcya bir girdab\u0131n i\u00e7ine dalm\u0131\u015f \u00fczere oluyorsunuz. Bundan ka\u00e7\u0131namay\u0131z ve bununla ba\u015fa \u00e7\u0131kmak zorunday\u0131z.&#8221;<\/strong> diye konu\u015ftu. <\/p>\n<p> 66 ya\u015f\u0131ndaki teknik adam, kelamlar\u0131na,<strong> &#8220;Her \u015feyi biraz abartan bir ortam; ma\u00e7\u0131n heyecan\u0131, u\u011fra\u015flar o kadar b\u00fcy\u00fck ki top ikinci plana d\u00fc\u015f\u00fcyor ve \u00f6b\u00fcr \u015feylere kap\u0131l\u0131yorsunuz! Lakin biz, \u00e7ok kuvvetli bir rakibe, ferd\u00ee yetenekleri olan, benim \u00e7ok uygun tan\u0131d\u0131\u011f\u0131m oyunculara sahip bir rakibe kar\u015f\u0131 e\u015fit kurallarda gayret etme potansiyelimiz oldu\u011funa inanarak bu ma\u00e7a \u00e7\u0131kaca\u011f\u0131z.&#8221;<\/strong> dedi.<\/p>\n<p><strong>OSIMHEN VE ICARDI<\/strong><\/p>\n<p> \u015eampiyonlar Ligi&#8217;ndeki Galatasaray &#8211; Juventus m\u00fcsabakas\u0131 t\u0131pk\u0131 vakitte Luciano Spalletti ile eski \u00f6\u011frencileri Victor Osimhen ile Mauro Icardi&#8217;nin m\u00fcsabakalar\u0131na da sahne olacak. \u0130talyan teknik adam, Napoli&#8217;de Osimhen, Inter&#8217;de Mauro Icardi ile birlikte \u00e7al\u0131\u015fm\u0131\u015ft\u0131.<\/p>\n<p> Spalletti, birlikte \u00e7al\u0131\u015ft\u0131\u011f\u0131 iki golc\u00fc i\u00e7in, <strong>&#8220;Onlar 9 numara kan\u0131na sahipler. Osimhen y\u0131k\u0131c\u0131, Icardi ise \u00e7al\u0131\u015ft\u0131\u011f\u0131m en g\u00fczel golc\u00fclerden biri.&#8221;<\/strong> diye konu\u015ftu.<\/p>\n<p> <strong>MA\u00c7 TAR\u0130HLER\u0130<\/strong><\/p>\n<p> Galatasaray&#8217;\u0131n da \u0130talyan tak\u0131m\u0131 Juventus ile kar\u015f\u0131la\u015faca\u011f\u0131 UEFA \u015eampiyonlar Ligi son 16 tipinde ma\u00e7 takvimi a\u00e7\u0131kland\u0131.<\/p>\n<p> UEFA&#8217;dan yap\u0131lan a\u00e7\u0131klamaya nazaran, Galatasaray, Avrupa futbolunun kul\u00fcpler seviyesindeki 1 numaral\u0131 turnuvas\u0131n\u0131n son 16 play-off tipinde \u0130talyan tak\u0131m\u0131 Juventus ile yapaca\u011f\u0131 birinci ma\u00e7\u0131 konutunda 17 \u015eubat Sal\u0131 g\u00fcn\u00fc saat 20.45&#8217;te oynayacak.<\/p>\n<p> Deplasmandaki r\u00f6van\u015f ma\u00e7\u0131 ise 25 \u015eubat \u00c7ar\u015famba g\u00fcn\u00fc TS\u0130 23.00&#8217;te yap\u0131lacak.<\/p>\n<\/div>\n","protected":false},"excerpt":{"rendered":"<p>Juventus Teknik Y\u00f6neticisi Luciano Spalletti, UEFA \u015eampiyonlar Ligi&#8217;ndeki Galatasaray e\u015fle\u015fmesiyle ilgili konu\u015ftu.<\/p>\n","protected":false},"author":1,"featured_media":55155,"comment_status":"open","ping_status":"open","sticky":false,"template":"","format":"standard","meta":{"footnotes":""},"categories":[25],"tags":[50],"class_list":["post-55154","post","type-post","status-publish","format-standard","has-post-thumbnail","hentry","category-futbol","tag-mac"],"_links":{"self":[{"href":"https:\/\/haberbesiktas.tr\/index.php?rest_route=\/wp\/v2\/posts\/55154","targetHints":{"allow":["GET"]}}],"collection":[{"href":"https:\/\/haberbesiktas.tr\/index.php?rest_route=\/wp\/v2\/posts"}],"about":[{"href":"https:\/\/haberbesiktas.tr\/index.php?rest_route=\/wp\/v2\/types\/post"}],"author":[{"embeddable":true,"href":"https:\/\/haberbesiktas.tr\/index.php?rest_route=\/wp\/v2\/users\/1"}],"replies":[{"embeddable":true,"href":"https:\/\/haberbesiktas.tr\/index.php?rest_route=%2Fwp%2Fv2%2Fcomments&post=55154"}],"version-history":[{"count":1,"href":"https:\/\/haberbesiktas.tr\/index.php?rest_route=\/wp\/v2\/posts\/55154\/revisions"}],"predecessor-version":[{"id":55156,"href":"https:\/\/haberbesiktas.tr\/index.php?rest_route=\/wp\/v2\/posts\/55154\/revisions\/55156"}],"wp:featuredmedia":[{"embeddable":true,"href":"https:\/\/haberbesiktas.tr\/index.php?rest_route=\/wp\/v2\/media\/55155"}],"wp:attachment":[{"href":"https:\/\/haberbesiktas.tr\/index.php?rest_route=%2Fwp%2Fv2%2Fmedia&parent=55154"}],"wp:term":[{"taxonomy":"category","embeddable":true,"href":"https:\/\/haberbesiktas.tr\/index.php?rest_route=%2Fwp%2Fv2%2Fcategories&post=55154"},{"taxonomy":"post_tag","embeddable":true,"href":"https:\/\/haberbesiktas.tr\/index.php?rest_route=%2Fwp%2Fv2%2Ftags&post=55154"}],"curies":[{"name":"wp","href":"https:\/\/api.w.org\/{rel}","templated":true}]}}