{"id":55157,"date":"2026-01-31T19:00:07","date_gmt":"2026-01-31T19:00:07","guid":{"rendered":"https:\/\/haberbesiktas.tr\/?p=55157"},"modified":"2026-01-31T19:00:07","modified_gmt":"2026-01-31T19:00:07","slug":"fenerbahce-sidiki-cherifi-istanbula-getiriyor","status":"publish","type":"post","link":"https:\/\/haberbesiktas.tr\/?p=55157","title":{"rendered":"Fenerbah\u00e7e Sidiki Cherif&#8217;i \u0130stanbul&#8217;a getiriyor"},"content":{"rendered":"<div>\n<div> Orta transfer devrinde Anthony Musaba, Mert G\u00fcnok ve Matteo Guendouzi&#8217;yi renklerine ba\u011flayan Fenerbah\u00e7e, 4. transferini Sidiki Cherif ile ger\u00e7ekle\u015ftiriyor.<\/p>\n<p> \u0130talyan gazeteci Fabrizio Romano, Sidiki Cherif transferinde Fenerbah\u00e7e ile Angers ortas\u0131nda kelaml\u0131 muahede sa\u011fland\u0131\u011f\u0131n\u0131 duyurdu.<\/p>\n<p> <strong>ANLA\u015eMANIN DETAYLARI<\/strong> <\/p>\n<p> Romano&#8217;nun aktard\u0131\u011f\u0131 bilgilere nazaran sar\u0131-lacivertliler, bu transfer kapsam\u0131nda 4 milyon Euro kiralama bedeli \u00f6deyecek.<\/p>\n<p> Mutabakatta ayr\u0131yeten 18 milyon Euro&#8217;luk sat\u0131n alma opsiyonu bulunurken, performansa ba\u011fl\u0131 3 milyon Euro bonus unsuru de yer al\u0131yor.<\/p>\n<p> <strong>PREMIER L\u0130G GRUPLARINI \u0130STEMED\u0130<\/strong><\/p>\n<p> Cherif&#8217;in, Premier Lig&#8217;den gelen tekliflere kar\u015f\u0131n \u00f6nceli\u011fini Fenerbah\u00e7e&#8217;ye verdi\u011fi ve cuma g\u00fcn\u00fc sar\u0131-lacivertlilere &#8220;evet&#8221; dedi\u011fi \u00f6\u011frenildi.<\/p>\n<p> <strong>FENERBAH\u00c7E&#8217;N\u0130N U\u00c7U\u015e PLANI<\/strong><\/p>\n<p>\u00d6te yandan Nicolo Schira&#8217;n\u0131n aktard\u0131\u011f\u0131 bilgiye g\u00f6re\u00a0<span>Fenerbah\u00e7e, Sidiki Cherif&#8217;i bu gece yar\u0131s\u0131 \u0130stanbul&#8217;a getirmeyi planl\u0131yor.<\/p>\n<p> <strong>PAZAR G\u00dcN\u00dc \u0130MZALAR ATILIYOR<\/strong><\/p>\n<p><\/span><span>Haberde, s\u0131hhat denetimlerinin akabinde pazar g\u00fcn\u00fc resmi imzalar\u0131n at\u0131lmas\u0131 beklendi\u011fi s\u00f6z edildi.<\/span><\/p>\n<p> <strong>SEZON PERFORMANSI<\/strong><\/p>\n<p> Angers altyap\u0131s\u0131nda yeti\u015fen ve 2023 yaz\u0131nda profesyonel mukavele imzalanan 19 ya\u015f\u0131ndaki Sidiki Cherif, bu d\u00f6nem Ligue 1&#8217;de \u00e7\u0131kt\u0131\u011f\u0131 19 ma\u00e7ta 4 goll\u00fck skor katk\u0131s\u0131 verdi.\u00a0\u00a0<\/p><\/div>\n<\/p><\/div>\n","protected":false},"excerpt":{"rendered":"<p>Fenerbah\u00e7e, transferinde sona geldi\u011fi Sidiki Cherif&#8217;i bu gece yar\u0131s\u0131 \u0130stanbul&#8217;a getirmeyi planl\u0131yor. S\u0131hhat denetimlerinin akabinde pazar g\u00fcn\u00fc resmi imzalar\u0131n at\u0131lmas\u0131 bekleniyor.<\/p>\n","protected":false},"author":1,"featured_media":55158,"comment_status":"open","ping_status":"open","sticky":false,"template":"","format":"standard","meta":{"footnotes":""},"categories":[25],"tags":[3984,115],"class_list":["post-55157","post","type-post","status-publish","format-standard","has-post-thumbnail","hentry","category-futbol","tag-cherif","tag-fenerbahce"],"_links":{"self":[{"href":"https:\/\/haberbesiktas.tr\/index.php?rest_route=\/wp\/v2\/posts\/55157","targetHints":{"allow":["GET"]}}],"collection":[{"href":"https:\/\/haberbesiktas.tr\/index.php?rest_route=\/wp\/v2\/posts"}],"about":[{"href":"https:\/\/haberbesiktas.tr\/index.php?rest_route=\/wp\/v2\/types\/post"}],"author":[{"embeddable":true,"href":"https:\/\/haberbesiktas.tr\/index.php?rest_route=\/wp\/v2\/users\/1"}],"replies":[{"embeddable":true,"href":"https:\/\/haberbesiktas.tr\/index.php?rest_route=%2Fwp%2Fv2%2Fcomments&post=55157"}],"version-history":[{"count":1,"href":"https:\/\/haberbesiktas.tr\/index.php?rest_route=\/wp\/v2\/posts\/55157\/revisions"}],"predecessor-version":[{"id":55159,"href":"https:\/\/haberbesiktas.tr\/index.php?rest_route=\/wp\/v2\/posts\/55157\/revisions\/55159"}],"wp:featuredmedia":[{"embeddable":true,"href":"https:\/\/haberbesiktas.tr\/index.php?rest_route=\/wp\/v2\/media\/55158"}],"wp:attachment":[{"href":"https:\/\/haberbesiktas.tr\/index.php?rest_route=%2Fwp%2Fv2%2Fmedia&parent=55157"}],"wp:term":[{"taxonomy":"category","embeddable":true,"href":"https:\/\/haberbesiktas.tr\/index.php?rest_route=%2Fwp%2Fv2%2Fcategories&post=55157"},{"taxonomy":"post_tag","embeddable":true,"href":"https:\/\/haberbesiktas.tr\/index.php?rest_route=%2Fwp%2Fv2%2Ftags&post=55157"}],"curies":[{"name":"wp","href":"https:\/\/api.w.org\/{rel}","templated":true}]}}