{"id":55175,"date":"2026-01-31T20:24:15","date_gmt":"2026-01-31T20:24:15","guid":{"rendered":"https:\/\/haberbesiktas.tr\/?p=55175"},"modified":"2026-01-31T20:24:15","modified_gmt":"2026-01-31T20:24:15","slug":"eintracht-frankfurt-galibiyet-nedir-unuttu","status":"publish","type":"post","link":"https:\/\/haberbesiktas.tr\/?p=55175","title":{"rendered":"Eintracht Frankfurt galibiyet nedir unuttu!"},"content":{"rendered":"<div>Almanya 1. Bundesliga&#8217;n\u0131n 20. haftas\u0131nda Eintracht Frankfurt ile Bayer Leverkusen kar\u015f\u0131 kar\u015f\u0131ya geldi. Deutsche Bank Park&#8217;ta oynanan \u00e7abay\u0131 konuk grup Leverkusen, 3-1&#8217;lik skorla kazand\u0131.<\/p>\n<p> Leverkusen&#8217;e galibiyeti getiren golleri 26. dakikada Arthur, 33. dakikada Malik Tillman ve 90+3. dakikada Aleix Garcia kaydetti.<\/p>\n<p> Frankfurt&#8217;un tek gol\u00fc 50. dakikada Robin Koch&#8217;tan geldi. Konut sahibi tak\u0131m, 70. dakikada Ellyes Skhiri&#8217;nin g\u00f6rd\u00fc\u011f\u00fc k\u0131rm\u0131z\u0131 kartla 10 ki\u015fi kald\u0131.\u00a0 <\/p>\n<p> Frankfurt formas\u0131 giyen ulusal futbolcumuz Can Uzun, kas sakatl\u0131\u011f\u0131 nedeniyle ma\u00e7 tak\u0131m\u0131nda yer almad\u0131.<\/p>\n<p> Resmi ma\u00e7larda 8, ligde 6 ma\u00e7t\u0131r kazanamayan Frankfurt, 27 puanda kald\u0131.<\/p>\n<p> \u00dcst \u00fcste ikinci galibiyetini alan Leverkusen ise 35 puana y\u00fckseldi.<\/p>\n<p> Frankfurt, gelecek hafta Union Berlin&#8217;e konuk olacak. Leverkusen ise Borussia M\u00f6nchengladbach deplasman\u0131na gidecek.<\/p>\n<\/div>\n","protected":false},"excerpt":{"rendered":"<p>Son galibiyetini 13 Aral\u0131k 2025&#8217;te alan Eintracht Frankfurt, meskeninde a\u011f\u0131rlad\u0131\u011f\u0131 Bayer Leverkusen&#8217;e 3-1 yenildi. Frankfurt&#8217;un galibiyet hasreti 8 ma\u00e7a \u00e7\u0131kt\u0131.<\/p>\n","protected":false},"author":1,"featured_media":55176,"comment_status":"open","ping_status":"open","sticky":false,"template":"","format":"standard","meta":{"footnotes":""},"categories":[25],"tags":[722,925],"class_list":["post-55175","post","type-post","status-publish","format-standard","has-post-thumbnail","hentry","category-futbol","tag-frankfurt","tag-leverkusen"],"_links":{"self":[{"href":"https:\/\/haberbesiktas.tr\/index.php?rest_route=\/wp\/v2\/posts\/55175","targetHints":{"allow":["GET"]}}],"collection":[{"href":"https:\/\/haberbesiktas.tr\/index.php?rest_route=\/wp\/v2\/posts"}],"about":[{"href":"https:\/\/haberbesiktas.tr\/index.php?rest_route=\/wp\/v2\/types\/post"}],"author":[{"embeddable":true,"href":"https:\/\/haberbesiktas.tr\/index.php?rest_route=\/wp\/v2\/users\/1"}],"replies":[{"embeddable":true,"href":"https:\/\/haberbesiktas.tr\/index.php?rest_route=%2Fwp%2Fv2%2Fcomments&post=55175"}],"version-history":[{"count":1,"href":"https:\/\/haberbesiktas.tr\/index.php?rest_route=\/wp\/v2\/posts\/55175\/revisions"}],"predecessor-version":[{"id":55177,"href":"https:\/\/haberbesiktas.tr\/index.php?rest_route=\/wp\/v2\/posts\/55175\/revisions\/55177"}],"wp:featuredmedia":[{"embeddable":true,"href":"https:\/\/haberbesiktas.tr\/index.php?rest_route=\/wp\/v2\/media\/55176"}],"wp:attachment":[{"href":"https:\/\/haberbesiktas.tr\/index.php?rest_route=%2Fwp%2Fv2%2Fmedia&parent=55175"}],"wp:term":[{"taxonomy":"category","embeddable":true,"href":"https:\/\/haberbesiktas.tr\/index.php?rest_route=%2Fwp%2Fv2%2Fcategories&post=55175"},{"taxonomy":"post_tag","embeddable":true,"href":"https:\/\/haberbesiktas.tr\/index.php?rest_route=%2Fwp%2Fv2%2Ftags&post=55175"}],"curies":[{"name":"wp","href":"https:\/\/api.w.org\/{rel}","templated":true}]}}