{"id":55178,"date":"2026-01-31T20:36:16","date_gmt":"2026-01-31T20:36:16","guid":{"rendered":"https:\/\/haberbesiktas.tr\/?p=55178"},"modified":"2026-01-31T20:36:16","modified_gmt":"2026-01-31T20:36:16","slug":"besiktasta-mac-oncesi-istifa-tepkisi","status":"publish","type":"post","link":"https:\/\/haberbesiktas.tr\/?p=55178","title":{"rendered":"Be\u015fikta\u015f&#8217;ta ma\u00e7 \u00f6ncesi istifa tepkisi!"},"content":{"rendered":"<div>S\u00fcper Lig&#8217;de Konyaspor ile kar\u015f\u0131la\u015fan Be\u015fikta\u015f&#8217;ta taraftarlardan idareye reaksiyon geldi.<\/p>\n<p> Be\u015fikta\u015fl\u0131 futbolcular, Konyaspor ma\u00e7\u0131 \u00f6ncesi \u0131s\u0131nmaya alana \u00e7\u0131kt\u0131. Siyah-beyazl\u0131 trib\u00fcnler, oyuncular\u0131n\u0131 alk\u0131\u015flad\u0131.<\/p>\n<p> Be\u015fikta\u015fl\u0131 taraftarlar, ekibi alk\u0131\u015flamalar\u0131n\u0131n akabinde idareye reaksiyon g\u00f6sterdi. Trib\u00fcnler, &#8220;Y\u00f6netim istifa&#8221; tezah\u00fcratlar\u0131 yapt\u0131.<\/p>\n<blockquote class=\"twitter-tweet\" data-width=\"500\" data-dnt=\"true\">\n<p lang=\"tr\" dir=\"ltr\">Be\u015fikta\u015f trib\u00fcnleri tak\u0131m\u0131 alk\u0131\u015flad\u0131, y\u00f6netimi istifaya davet etti. <a href=\"https:\/\/t.co\/BeX3v4WWit\" rel=\"nofollow\">pic.twitter.com\/BeX3v4WWit<\/a><\/p>\n<p>&mdash; Sporxtv (@sporxtv) <a href=\"https:\/\/twitter.com\/sporxtv\/status\/2017635872624025943?ref_src=twsrc%5Etfw\" rel=\"nofollow noopener\" target=\"_blank\">January 31, 2026<\/a><\/p><\/blockquote>\n<p><script async src=\"https:\/\/platform.twitter.com\/widgets.js\" charset=\"utf-8\"><\/script><\/p>\n<\/p><\/div>\n","protected":false},"excerpt":{"rendered":"<p>Be\u015fikta\u015fl\u0131 taraftarlar, Konyaspor ma\u00e7\u0131 \u00f6ncesinde, &#8220;Y\u00f6netim istifa&#8221; tezah\u00fcratlar\u0131 yapt\u0131.<\/p>\n","protected":false},"author":1,"featured_media":55180,"comment_status":"open","ping_status":"open","sticky":false,"template":"","format":"standard","meta":{"footnotes":""},"categories":[25],"tags":[],"class_list":["post-55178","post","type-post","status-publish","format-standard","has-post-thumbnail","hentry","category-futbol"],"_links":{"self":[{"href":"https:\/\/haberbesiktas.tr\/index.php?rest_route=\/wp\/v2\/posts\/55178","targetHints":{"allow":["GET"]}}],"collection":[{"href":"https:\/\/haberbesiktas.tr\/index.php?rest_route=\/wp\/v2\/posts"}],"about":[{"href":"https:\/\/haberbesiktas.tr\/index.php?rest_route=\/wp\/v2\/types\/post"}],"author":[{"embeddable":true,"href":"https:\/\/haberbesiktas.tr\/index.php?rest_route=\/wp\/v2\/users\/1"}],"replies":[{"embeddable":true,"href":"https:\/\/haberbesiktas.tr\/index.php?rest_route=%2Fwp%2Fv2%2Fcomments&post=55178"}],"version-history":[{"count":1,"href":"https:\/\/haberbesiktas.tr\/index.php?rest_route=\/wp\/v2\/posts\/55178\/revisions"}],"predecessor-version":[{"id":55181,"href":"https:\/\/haberbesiktas.tr\/index.php?rest_route=\/wp\/v2\/posts\/55178\/revisions\/55181"}],"wp:featuredmedia":[{"embeddable":true,"href":"https:\/\/haberbesiktas.tr\/index.php?rest_route=\/wp\/v2\/media\/55180"}],"wp:attachment":[{"href":"https:\/\/haberbesiktas.tr\/index.php?rest_route=%2Fwp%2Fv2%2Fmedia&parent=55178"}],"wp:term":[{"taxonomy":"category","embeddable":true,"href":"https:\/\/haberbesiktas.tr\/index.php?rest_route=%2Fwp%2Fv2%2Fcategories&post=55178"},{"taxonomy":"post_tag","embeddable":true,"href":"https:\/\/haberbesiktas.tr\/index.php?rest_route=%2Fwp%2Fv2%2Ftags&post=55178"}],"curies":[{"name":"wp","href":"https:\/\/api.w.org\/{rel}","templated":true}]}}