{"id":5520,"date":"2025-01-22T16:59:56","date_gmt":"2025-01-22T16:59:56","guid":{"rendered":"https:\/\/haberbesiktas.tr\/?p=5520"},"modified":"2025-01-22T16:59:56","modified_gmt":"2025-01-22T16:59:56","slug":"eskihellac-trabzonspora-cok-yakin","status":"publish","type":"post","link":"https:\/\/haberbesiktas.tr\/?p=5520","title":{"rendered":"Eskihella\u00e7, Trabzonspor&#8217;a \u00e7ok yak\u0131n"},"content":{"rendered":"<div>Trabzonspor&#8217;un listesindeki de\u011ferli isimlerden biri olan Mustafa Eskihella\u00e7 ile ilgili s\u0131cak geli\u015fmeler ya\u015fanmaya devam ediyor.<\/p>\n<p> Karadeniz grubu, uzun m\u00fcddettir listede olan oyuncu i\u00e7in Gaziantep&#8217;in inad\u0131n\u0131 k\u0131rmak \u00fczere.<\/p>\n<p> Bilhassa Sel\u00e7uk \u0130nan idaresinde \u00e7\u0131k\u0131\u015f yapan ba\u015far\u0131l\u0131 oyuncu da Trabzonspor&#8217;dan gelen teklifin kabul edilmesi ismine kul\u00fcb\u00fcne bask\u0131 yap\u0131yor.<\/p>\n<p> F\u0131rt\u0131na bu transfer i\u00e7in Gaziantep FK&#8217;ya 2.5 milyon Euro bonservis bedeli art\u0131 takasta da bir oyuncu \u00f6nermi\u015fti.<\/p>\n<p> TRANSFER\u0130N B\u0130TMES\u0130 AN MESELES\u0130<\/p>\n<p> Gaziantep FK \u0130daresi ekonomik manada rahatlayabilmek ismine yumu\u015fad\u0131.<\/p>\n<p> Daha net tekliflerin masada olmamas\u0131 nedeniyle Trabzonspor&#8217;un bu noktadaki \u00f6nerisi pahal\u0131 hale geldi.<\/p>\n<p> K\u0131sa m\u00fchlet i\u00e7erisinde Mustafa Eskihella\u00e7&#8217;ta da memnun sona ula\u015f\u0131lma ihtimali epeyce y\u00fcksek hale geldi.<\/p>\n<p> HEM HAMLEDE HEM SAVUNMADA<\/p>\n<p> Teknik y\u00f6netici \u015eenol G\u00fcne\u015f, oyuncuyu hem savunman\u0131n sa\u011f\u0131nda hem de kanatlarda kullabilmek ismine bu at\u0131l\u0131m\u0131n ger\u00e7ekle\u015fmesini uzun m\u00fcddettir istiyordu.<\/p>\n<p> D\u00f6nem ba\u015f\u0131nda da g\u00fcndeme gelen ve aslen Trabzonlu olan oyuncunun art\u0131k devre ortas\u0131nda imza atmas\u0131na kesin g\u00f6zle bak\u0131l\u0131yor.<\/p>\n<\/div>\n","protected":false},"excerpt":{"rendered":"<p>Gaziantep FK&#8217;de uzun m\u00fcddettir takip edilen Mustafa Eskihella\u00e7&#8217;\u0131n transferinde s\u0131cak geli\u015fmeler var. 27 ya\u015f\u0131ndaki oyuncunun transferi k\u0131sa m\u00fcddette bitebilir.<\/p>\n","protected":false},"author":1,"featured_media":5521,"comment_status":"open","ping_status":"open","sticky":false,"template":"","format":"standard","meta":{"footnotes":""},"categories":[25],"tags":[49],"class_list":["post-5520","post","type-post","status-publish","format-standard","has-post-thumbnail","hentry","category-futbol","tag-oyuncu"],"_links":{"self":[{"href":"https:\/\/haberbesiktas.tr\/index.php?rest_route=\/wp\/v2\/posts\/5520","targetHints":{"allow":["GET"]}}],"collection":[{"href":"https:\/\/haberbesiktas.tr\/index.php?rest_route=\/wp\/v2\/posts"}],"about":[{"href":"https:\/\/haberbesiktas.tr\/index.php?rest_route=\/wp\/v2\/types\/post"}],"author":[{"embeddable":true,"href":"https:\/\/haberbesiktas.tr\/index.php?rest_route=\/wp\/v2\/users\/1"}],"replies":[{"embeddable":true,"href":"https:\/\/haberbesiktas.tr\/index.php?rest_route=%2Fwp%2Fv2%2Fcomments&post=5520"}],"version-history":[{"count":1,"href":"https:\/\/haberbesiktas.tr\/index.php?rest_route=\/wp\/v2\/posts\/5520\/revisions"}],"predecessor-version":[{"id":5522,"href":"https:\/\/haberbesiktas.tr\/index.php?rest_route=\/wp\/v2\/posts\/5520\/revisions\/5522"}],"wp:featuredmedia":[{"embeddable":true,"href":"https:\/\/haberbesiktas.tr\/index.php?rest_route=\/wp\/v2\/media\/5521"}],"wp:attachment":[{"href":"https:\/\/haberbesiktas.tr\/index.php?rest_route=%2Fwp%2Fv2%2Fmedia&parent=5520"}],"wp:term":[{"taxonomy":"category","embeddable":true,"href":"https:\/\/haberbesiktas.tr\/index.php?rest_route=%2Fwp%2Fv2%2Fcategories&post=5520"},{"taxonomy":"post_tag","embeddable":true,"href":"https:\/\/haberbesiktas.tr\/index.php?rest_route=%2Fwp%2Fv2%2Ftags&post=5520"}],"curies":[{"name":"wp","href":"https:\/\/api.w.org\/{rel}","templated":true}]}}