{"id":55379,"date":"2026-02-01T10:12:07","date_gmt":"2026-02-01T10:12:07","guid":{"rendered":"https:\/\/haberbesiktas.tr\/?p=55379"},"modified":"2026-02-01T10:12:07","modified_gmt":"2026-02-01T10:12:07","slug":"galatasarayda-saneye-sara-recetesi","status":"publish","type":"post","link":"https:\/\/haberbesiktas.tr\/?p=55379","title":{"rendered":"Galatasaray&#8217;da Sane&#8217;ye Sara re\u00e7etesi"},"content":{"rendered":"<div>Sakatl\u0131klarla bo\u011fu\u015fan Galatasaray&#8217;da art\u0131k de Leroy Sane \u015foku ya\u015fan\u0131yor.<\/p>\n<p> Manchester City deplasman\u0131nda sa\u011f ayak bile\u011fine darbe alan 30 ya\u015f\u0131ndaki futbolcunun d\u0131\u015f yan ba\u011flar\u0131nda y\u0131rt\u0131k ve kanama tespit edildi.<\/p>\n<p> <strong>LEROY SANE 4-6 HAFTA YOK<\/strong> <\/p>\n<p> Tedavisine ba\u015flanan Alman y\u0131ld\u0131z\u0131n kestirimi alanlara d\u00f6n\u00fc\u015f m\u00fchleti 4-6 hafta olarak \u00f6ng\u00f6r\u00fcl\u00fcyor.<\/p>\n<p> <strong>GABRIEL SARA&#8217;YA UYGULANAN YOL KULLANILACAK<\/strong><\/p>\n<p> Leroy Sane, \u015eampiyonlar Ligi&#8217;nde oynanacak Juventus m\u00fcsabakalar\u0131na yeti\u015femeyecek. Fakat Sara&#8217;da uygulanan ba\u011f tedavisi prosed\u00fcr\u00fcyle, Sane&#8217;nin daha erken alanlara d\u00f6nmesi hedefleniyor.<\/p>\n<p> <strong>115 MA\u00c7<\/strong><\/p>\n<p> Sane daha evvel ge\u00e7irdi\u011fi sakatl\u0131klar ve hastal\u0131klar sebebiyle mesle\u011finde toplam 115 ma\u00e7ta gruplar\u0131n\u0131 yaln\u0131z b\u0131rakm\u0131\u015ft\u0131.<\/p>\n<p> <strong>G.SARAY&#8217;IN SAKATLIK RAPORU<\/strong><\/p>\n<p> Singo: Art adale ve tendon (3 ay-17 ma\u00e7)<\/p>\n<p> Kaan Ayhan: Kas zorlanmas\u0131 (40 g\u00fcn-8 ma\u00e7)<\/p>\n<p> Lemina: Art adale 2 kere (1 ay-5 ma\u00e7)<\/p>\n<p> Osimhen: Uyluk ve ayak bile\u011fi (1 ay-5 ma\u00e7)<\/p>\n<p> \u0130lkay: Art adale (1 ay-5 ma\u00e7)<\/p>\n<p> Jakobs: Art adale ve alt bald\u0131r (20 g\u00fcn-4 ma\u00e7)<\/p>\n<p> Yunus: Kas\u0131k f\u0131t\u0131\u011f\u0131 (20 g\u00fcn-4 ma\u00e7)<\/p>\n<p> U\u011furcan: Art adale (20 g\u00fcn-4 ma\u00e7)\u00a0<\/p>\n<\/div>\n","protected":false},"excerpt":{"rendered":"<p>Leroy Sane&#8217;nin 4\u20136 hafta alanlardan uzak kalmas\u0131 beklenirken, Galatasaray Gabriel Sara&#8217;da uygulanan \u00f6zel ba\u011f tedavisiyle y\u0131ld\u0131z oyuncuyu planlanandan daha erken d\u00f6nd\u00fcrmeyi hedefliyor.<\/p>\n","protected":false},"author":1,"featured_media":55380,"comment_status":"open","ping_status":"open","sticky":false,"template":"","format":"standard","meta":{"footnotes":""},"categories":[25],"tags":[50,55],"class_list":["post-55379","post","type-post","status-publish","format-standard","has-post-thumbnail","hentry","category-futbol","tag-mac","tag-sane"],"_links":{"self":[{"href":"https:\/\/haberbesiktas.tr\/index.php?rest_route=\/wp\/v2\/posts\/55379","targetHints":{"allow":["GET"]}}],"collection":[{"href":"https:\/\/haberbesiktas.tr\/index.php?rest_route=\/wp\/v2\/posts"}],"about":[{"href":"https:\/\/haberbesiktas.tr\/index.php?rest_route=\/wp\/v2\/types\/post"}],"author":[{"embeddable":true,"href":"https:\/\/haberbesiktas.tr\/index.php?rest_route=\/wp\/v2\/users\/1"}],"replies":[{"embeddable":true,"href":"https:\/\/haberbesiktas.tr\/index.php?rest_route=%2Fwp%2Fv2%2Fcomments&post=55379"}],"version-history":[{"count":1,"href":"https:\/\/haberbesiktas.tr\/index.php?rest_route=\/wp\/v2\/posts\/55379\/revisions"}],"predecessor-version":[{"id":55381,"href":"https:\/\/haberbesiktas.tr\/index.php?rest_route=\/wp\/v2\/posts\/55379\/revisions\/55381"}],"wp:featuredmedia":[{"embeddable":true,"href":"https:\/\/haberbesiktas.tr\/index.php?rest_route=\/wp\/v2\/media\/55380"}],"wp:attachment":[{"href":"https:\/\/haberbesiktas.tr\/index.php?rest_route=%2Fwp%2Fv2%2Fmedia&parent=55379"}],"wp:term":[{"taxonomy":"category","embeddable":true,"href":"https:\/\/haberbesiktas.tr\/index.php?rest_route=%2Fwp%2Fv2%2Fcategories&post=55379"},{"taxonomy":"post_tag","embeddable":true,"href":"https:\/\/haberbesiktas.tr\/index.php?rest_route=%2Fwp%2Fv2%2Ftags&post=55379"}],"curies":[{"name":"wp","href":"https:\/\/api.w.org\/{rel}","templated":true}]}}