{"id":55434,"date":"2026-02-01T13:48:07","date_gmt":"2026-02-01T13:48:07","guid":{"rendered":"https:\/\/haberbesiktas.tr\/?p=55434"},"modified":"2026-02-01T13:48:07","modified_gmt":"2026-02-01T13:48:07","slug":"fenerbahcede-kart-alarmi","status":"publish","type":"post","link":"https:\/\/haberbesiktas.tr\/?p=55434","title":{"rendered":"Fenerbah\u00e7e&#8217;de kart alarm\u0131!"},"content":{"rendered":"<div>Fenerbah\u00e7e, Trendyol Muhte\u015fem Lig&#8217;in 20. haftas\u0131nda pazartesi g\u00fcn\u00fc deplasmanda Kocaelispor ile u\u011fra\u015f edecek.<\/p>\n<p> Turka Ara\u00e7 Muayene Kocaeli Stad\u0131&#8217;nda saat 20.00&#8217;de ba\u015flayacak kar\u015f\u0131la\u015fmay\u0131, hakem Alper Akarsu y\u00f6netecek.<\/p>\n<p> Ligde yoluna nama\u011flup devam eden sar\u0131-lacivertliler, UEFA Avrupa Ligi&#8217;nde de ismini \u00fcst tipe yazd\u0131rmay\u0131 ba\u015fard\u0131. <\/p>\n<p> Teknik y\u00f6netici Domenico Tedesco&#8217;nun \u00f6\u011frencileri, ligde son olarak alan\u0131nda G\u00f6ztepe ile 1-1 berabere kald\u0131.<\/p>\n<p> <strong>&#8211; 3 eksik<\/strong><\/p>\n<p> Fenerbah\u00e7e, Kocaelispor kar\u015f\u0131s\u0131nda 3 oyuncusundan yararlanamayacak.<\/p>\n<p> Sar\u0131-lacivertlilerde uzun m\u00fcddetli sakatl\u0131klar\u0131n\u0131 atlatan lakin \u015fimdi kadroyla \u00e7al\u0131\u015fmalara ba\u015flamayan Archie Brown ile Levent Mercan, g\u00fc\u00e7l\u00fc deplasmanda yer almayacak.<\/p>\n<p> Bu isimlerin yan\u0131 s\u0131ra gruptan ayr\u0131lmas\u0131 g\u00fcndemde olan ve UEFA Avrupa Ligi&#8217;nde FCSB kar\u015f\u0131s\u0131nda a\u011fr\u0131lar\u0131 nedeniyle tak\u0131ma al\u0131nmayan Jhon Duran&#8217;\u0131n da m\u00fcsabakada forma giymesi beklenmiyor.<\/p>\n<p> <strong>&#8211; 3 isim s\u0131n\u0131rda<\/strong><\/p>\n<p> Fenerbah\u00e7e&#8217;de 3 oyuncu sar\u0131 kart ceza hududunda bulunuyor.<\/p>\n<p> Sar\u0131-lacivertlilerde Edson Alvarez ve Anthony Musaba, kart g\u00f6rmeleri durumunda Gen\u00e7lerbirli\u011fi ma\u00e7\u0131nda oynayamayacak.<\/p>\n<p> Bu isimlerin yan\u0131 s\u0131ra Kocaeli deplasman\u0131nda sakatl\u0131\u011f\u0131 nedeniyle misyon yapamayacak Archie Brown da sar\u0131 kart ceza hududunda yer al\u0131yor.<\/p>\n<\/div>\n","protected":false},"excerpt":{"rendered":"<p>S\u00fcper Lig&#8217;de Kocaelispor ile kar\u015f\u0131la\u015facak Fenerbah\u00e7e&#8217;de bu ma\u00e7 \u00f6ncesi Edson Alvarez ve Antony Musaba, sar\u0131 kart hududunda yer al\u0131yor.<\/p>\n","protected":false},"author":1,"featured_media":55435,"comment_status":"open","ping_status":"open","sticky":false,"template":"","format":"standard","meta":{"footnotes":""},"categories":[25],"tags":[605],"class_list":["post-55434","post","type-post","status-publish","format-standard","has-post-thumbnail","hentry","category-futbol","tag-sari"],"_links":{"self":[{"href":"https:\/\/haberbesiktas.tr\/index.php?rest_route=\/wp\/v2\/posts\/55434","targetHints":{"allow":["GET"]}}],"collection":[{"href":"https:\/\/haberbesiktas.tr\/index.php?rest_route=\/wp\/v2\/posts"}],"about":[{"href":"https:\/\/haberbesiktas.tr\/index.php?rest_route=\/wp\/v2\/types\/post"}],"author":[{"embeddable":true,"href":"https:\/\/haberbesiktas.tr\/index.php?rest_route=\/wp\/v2\/users\/1"}],"replies":[{"embeddable":true,"href":"https:\/\/haberbesiktas.tr\/index.php?rest_route=%2Fwp%2Fv2%2Fcomments&post=55434"}],"version-history":[{"count":1,"href":"https:\/\/haberbesiktas.tr\/index.php?rest_route=\/wp\/v2\/posts\/55434\/revisions"}],"predecessor-version":[{"id":55436,"href":"https:\/\/haberbesiktas.tr\/index.php?rest_route=\/wp\/v2\/posts\/55434\/revisions\/55436"}],"wp:featuredmedia":[{"embeddable":true,"href":"https:\/\/haberbesiktas.tr\/index.php?rest_route=\/wp\/v2\/media\/55435"}],"wp:attachment":[{"href":"https:\/\/haberbesiktas.tr\/index.php?rest_route=%2Fwp%2Fv2%2Fmedia&parent=55434"}],"wp:term":[{"taxonomy":"category","embeddable":true,"href":"https:\/\/haberbesiktas.tr\/index.php?rest_route=%2Fwp%2Fv2%2Fcategories&post=55434"},{"taxonomy":"post_tag","embeddable":true,"href":"https:\/\/haberbesiktas.tr\/index.php?rest_route=%2Fwp%2Fv2%2Ftags&post=55434"}],"curies":[{"name":"wp","href":"https:\/\/api.w.org\/{rel}","templated":true}]}}