{"id":55498,"date":"2026-02-01T18:00:05","date_gmt":"2026-02-01T18:00:05","guid":{"rendered":"https:\/\/haberbesiktas.tr\/?p=55498"},"modified":"2026-02-01T18:00:05","modified_gmt":"2026-02-01T18:00:05","slug":"bandirmaspor-on-kisilik-vansporu-iki-golle-gecti","status":"publish","type":"post","link":"https:\/\/haberbesiktas.tr\/?p=55498","title":{"rendered":"Band\u0131rmaspor, on ki\u015filik Vanspor&#8217;u iki golle ge\u00e7ti"},"content":{"rendered":"<div>Trendyol 1. Lig&#8217;in 23. hafta ma\u00e7\u0131nda Band\u0131rmaspor ile Vanspor FK kar\u015f\u0131 kar\u015f\u0131ya geldi.<\/p>\n<p>Band\u0131rma 17 Eyl\u00fcl Stadyumu&#8217;nda oynanan \u00e7abay\u0131 mesken sahibi tak\u0131m Band\u0131rmaspor, 2-0&#8217;l\u0131k skorla kazand\u0131.<\/p>\n<p>Band\u0131rmaspor&#8217;a galibiyeti getiren golleri, 14. dakikada <strong>Tosin Kehinde <\/strong>ile 90+4. dakikada<strong> Emirhan Acar<\/strong>\u00a0att\u0131.<\/p>\n<p>Vanspor FK, 36. dakikada<strong> Jefferson<\/strong> ile penalt\u0131 at\u0131\u015f\u0131ndan yararlanamad\u0131.<\/p>\n<p>M\u00fccadelede dakikalar 49&#8217;u g\u00f6sterirken Vanspor FK formas\u0131 giyen<strong> Ivan Cedric<\/strong> k\u0131rm\u0131z\u0131 kartla oyun d\u0131\u015f\u0131 kald\u0131.<\/p>\n<p>Bu sonucun akabinde Band\u0131rmaspor, 36 puana y\u00fckseldi. Vanspor FK, 31 puanda kald\u0131.<\/p>\n<p>1.Lig&#8217;in bir sonraki ma\u00e7\u0131nda Band\u0131rmaspor, Ke\u00e7i\u00f6reng\u00fcc\u00fc deplasman\u0131na gidecek. Vanspor FK, \u00c7orum FK&#8217;yi konuk edecek.<\/p>\n<p><strong>Stat:<\/strong> Band\u0131rma 17 Eyl\u00fcl<\/p>\n<p> <strong>Hakemler<\/strong>: Ra\u015fit Yorganc\u0131lar, Emrah \u00dcnal, Batuhan B\u0131y\u0131kl\u0131 <\/p>\n<p> <strong>Band\u0131rmaspor:<\/strong> Arda \u00d6z\u00e7imen, Tolga Kalender, Kehinde (Dk. 71 Badji), Muhammed G\u00fcm\u00fc\u015fkaya, Ndongala (Dk. 84 O\u011fuz Ceylan), Abd\u00fclkadir Parmak, Amaral (Dk. 30 Emirhan Acar), Kerim Al\u0131c\u0131, At\u0131n\u00e7 Nukan, Enes Ayd\u0131n, Mucahit Albayrak (Dk. 71 Kaan Akyaz\u0131)<\/p>\n<p> <strong>\u0130maj Altyap\u0131 Vanspor FK:<\/strong> \u00c7a\u011flar \u015eahin Akbaba, Jevsenak, Hostikka (Dk. 76 Hasan Bilal), Traore (Dk. 88 Bekir Can Kara), Jefferson (Dk. 55 Mamah), Oulare (Dk. 76 Uygar Bing\u00f6l), O\u011fulcan \u00c7a\u011flayan, Cedric, Batuhan Personeller (Dk. 88 Fazilet Se\u00e7gin), Mehmet \u00d6zcan, Muhammet Ensar \u00c7avu\u015fo\u011flu<\/p>\n<p> <strong>Goller:<\/strong> Dk. 14 Kehinde, Dk. 90+4 Emirhan Acar (Band\u0131rmaspor),<\/p>\n<p> <strong>K\u0131rm\u0131z\u0131 kart:<\/strong> Dk. 49 Cedric (Vanspor FK)<\/p>\n<p> <strong>Sar\u0131 kartlar:<\/strong> Dk. 6 Oulare, Dk. 45 O\u011fulcan \u00c7a\u011flayan (Vanspor FK), Dk. 33 Enes Ayd\u0131n, Dk. 43 Mulumba, Dk. 87 Muhammed G\u00fcm\u00fc\u015fkaya (Band\u0131rmaspor)\u00a0<\/p>\n<\/div>\n","protected":false},"excerpt":{"rendered":"<p>Trendyol 1. Lig&#8217;in 23. hafta ma\u00e7\u0131nda Band\u0131rmaspor, alan\u0131nda Vanspor FK&#8217;yi 2-0 ma\u011flup etti.<\/p>\n","protected":false},"author":1,"featured_media":55499,"comment_status":"open","ping_status":"open","sticky":false,"template":"","format":"standard","meta":{"footnotes":""},"categories":[25],"tags":[1184,4008],"class_list":["post-55498","post","type-post","status-publish","format-standard","has-post-thumbnail","hentry","category-futbol","tag-bandirmaspor","tag-vanspor-fk"],"_links":{"self":[{"href":"https:\/\/haberbesiktas.tr\/index.php?rest_route=\/wp\/v2\/posts\/55498","targetHints":{"allow":["GET"]}}],"collection":[{"href":"https:\/\/haberbesiktas.tr\/index.php?rest_route=\/wp\/v2\/posts"}],"about":[{"href":"https:\/\/haberbesiktas.tr\/index.php?rest_route=\/wp\/v2\/types\/post"}],"author":[{"embeddable":true,"href":"https:\/\/haberbesiktas.tr\/index.php?rest_route=\/wp\/v2\/users\/1"}],"replies":[{"embeddable":true,"href":"https:\/\/haberbesiktas.tr\/index.php?rest_route=%2Fwp%2Fv2%2Fcomments&post=55498"}],"version-history":[{"count":1,"href":"https:\/\/haberbesiktas.tr\/index.php?rest_route=\/wp\/v2\/posts\/55498\/revisions"}],"predecessor-version":[{"id":55500,"href":"https:\/\/haberbesiktas.tr\/index.php?rest_route=\/wp\/v2\/posts\/55498\/revisions\/55500"}],"wp:featuredmedia":[{"embeddable":true,"href":"https:\/\/haberbesiktas.tr\/index.php?rest_route=\/wp\/v2\/media\/55499"}],"wp:attachment":[{"href":"https:\/\/haberbesiktas.tr\/index.php?rest_route=%2Fwp%2Fv2%2Fmedia&parent=55498"}],"wp:term":[{"taxonomy":"category","embeddable":true,"href":"https:\/\/haberbesiktas.tr\/index.php?rest_route=%2Fwp%2Fv2%2Fcategories&post=55498"},{"taxonomy":"post_tag","embeddable":true,"href":"https:\/\/haberbesiktas.tr\/index.php?rest_route=%2Fwp%2Fv2%2Ftags&post=55498"}],"curies":[{"name":"wp","href":"https:\/\/api.w.org\/{rel}","templated":true}]}}