{"id":55501,"date":"2026-02-01T18:12:06","date_gmt":"2026-02-01T18:12:06","guid":{"rendered":"https:\/\/haberbesiktas.tr\/?p=55501"},"modified":"2026-02-01T18:12:06","modified_gmt":"2026-02-01T18:12:06","slug":"bodrum-fk-krizlere-ragmen-super-lig-yarisinda","status":"publish","type":"post","link":"https:\/\/haberbesiktas.tr\/?p=55501","title":{"rendered":"Bodrum FK krizlere ra\u011fmen S\u00fcper Lig yar\u0131\u015f\u0131nda"},"content":{"rendered":"<div>1&#8217;inci Lig&#8217;de konutunda Serikspor&#8217;u 3-0 yenip 2&#8217;de 2 yapan Bodrum Futbol Kul\u00fcb\u00fc t\u00fcm aksiliklere ra\u011fmen S\u00fcper Lig yar\u0131\u015f\u0131ndan kopmad\u0131. \u00d6zt\u00fcrk Aliesi&#8217;nin kul\u00fcpteki sorumluluklar\u0131n\u0131 devretmesiyle evvel lider Fikret \u00d6zt\u00fcrk&#8217;\u00fcn vazifesinde ayr\u0131ld\u0131\u011f\u0131 Bodrum FK&#8217;da haziran ay\u0131nda ba\u015fkanl\u0131\u011f\u0131 devralan A\u015fk\u0131n Demir de istifas\u0131n\u0131 sundu. Akabinde Taner Ankara&#8217;n\u0131n ba\u015fkanl\u0131k koltu\u011funa oturdu\u011fu ye\u015fil-beyazl\u0131lar as oyuncular\u0131yla yollar\u0131n\u0131 ay\u0131rmak durumunda kald\u0131. Grubun y\u0131ld\u0131z\u0131 Fredy transferde \u00c7orum FK&#8217;ya giderken Dimitrov ise Amed Sportif&#8217;le imzalad\u0131.<\/p>\n<p> Ekibin \u00f6b\u00fcr de\u011ferli oyuncusu Cenk \u015een de yol ayr\u0131m\u0131na geldi. T\u00fcm aksilikler ya\u015fan\u0131rken topluluk bahis soru\u015fturmas\u0131 kapsam\u0131nda teknik y\u00f6netici Burhan Yap\u0131t&#8217;\u0131n Profesyonel Futbol Disiplin Heyeti&#8217;ne (PFDK) sevk edilmesiyle sars\u0131ld\u0131. PFDK, teknik i\u015fveren Burhan Yap\u0131t&#8217;a 6 ay hak mahrumiyeti cezas\u0131 verdi. Ge\u00e7en sezon S\u00fcper Lig&#8217;de gayret eden ye\u015fil-beyazl\u0131lar son 6 ay i\u00e7inde b\u00fcy\u00fck \u0131st\u0131raplar ya\u015fad\u0131. Ekip ise aksiliklerin g\u00f6lgesinden \u00e7\u0131kt\u0131\u011f\u0131 Serikspor ma\u00e7\u0131n\u0131 3-0 kazanarak toplulu\u011fa moral verdi. Puan\u0131n\u0131 39&#8217;a \u00e7\u0131karan Ege temsilcisi Play-Off \u00e7izgisindeki yerini korurken birinci 2 yolunda yine \u00fcmit tazelemi\u015f oldu.<\/p>\n<\/div>\n","protected":false},"excerpt":{"rendered":"<p>Bodrum FK, idare krizleri, ayr\u0131l\u0131klar ve cezalarla sars\u0131lmas\u0131na kar\u015f\u0131n Serikspor&#8217;u 3-0 yenerek Play-Off \u00e7izgisindeki yerini koruyup S\u00fcper Lig umutlar\u0131n\u0131 canl\u0131 tuttu.<\/p>\n","protected":false},"author":1,"featured_media":55502,"comment_status":"open","ping_status":"open","sticky":false,"template":"","format":"standard","meta":{"footnotes":""},"categories":[25],"tags":[],"class_list":["post-55501","post","type-post","status-publish","format-standard","has-post-thumbnail","hentry","category-futbol"],"_links":{"self":[{"href":"https:\/\/haberbesiktas.tr\/index.php?rest_route=\/wp\/v2\/posts\/55501","targetHints":{"allow":["GET"]}}],"collection":[{"href":"https:\/\/haberbesiktas.tr\/index.php?rest_route=\/wp\/v2\/posts"}],"about":[{"href":"https:\/\/haberbesiktas.tr\/index.php?rest_route=\/wp\/v2\/types\/post"}],"author":[{"embeddable":true,"href":"https:\/\/haberbesiktas.tr\/index.php?rest_route=\/wp\/v2\/users\/1"}],"replies":[{"embeddable":true,"href":"https:\/\/haberbesiktas.tr\/index.php?rest_route=%2Fwp%2Fv2%2Fcomments&post=55501"}],"version-history":[{"count":1,"href":"https:\/\/haberbesiktas.tr\/index.php?rest_route=\/wp\/v2\/posts\/55501\/revisions"}],"predecessor-version":[{"id":55503,"href":"https:\/\/haberbesiktas.tr\/index.php?rest_route=\/wp\/v2\/posts\/55501\/revisions\/55503"}],"wp:featuredmedia":[{"embeddable":true,"href":"https:\/\/haberbesiktas.tr\/index.php?rest_route=\/wp\/v2\/media\/55502"}],"wp:attachment":[{"href":"https:\/\/haberbesiktas.tr\/index.php?rest_route=%2Fwp%2Fv2%2Fmedia&parent=55501"}],"wp:term":[{"taxonomy":"category","embeddable":true,"href":"https:\/\/haberbesiktas.tr\/index.php?rest_route=%2Fwp%2Fv2%2Fcategories&post=55501"},{"taxonomy":"post_tag","embeddable":true,"href":"https:\/\/haberbesiktas.tr\/index.php?rest_route=%2Fwp%2Fv2%2Ftags&post=55501"}],"curies":[{"name":"wp","href":"https:\/\/api.w.org\/{rel}","templated":true}]}}