{"id":55504,"date":"2026-02-01T18:24:07","date_gmt":"2026-02-01T18:24:07","guid":{"rendered":"https:\/\/haberbesiktas.tr\/?p=55504"},"modified":"2026-02-01T18:24:07","modified_gmt":"2026-02-01T18:24:07","slug":"tedescodan-lukakuya-veto","status":"publish","type":"post","link":"https:\/\/haberbesiktas.tr\/?p=55504","title":{"rendered":"Tedesco&#8217;dan Lukaku&#8217;ya veto"},"content":{"rendered":"<div>Napoli formas\u0131 giyen Bel\u00e7ikal\u0131 futbolcu Romelu Lukaku, bir kere daha Fenerbah\u00e7e&#8217;nin g\u00fcndemine geldi.<\/p>\n<p> Fenerbah\u00e7e&#8217;ye \u00f6nerilen Romelu Lukaku, Ademola Lookman transferinin iptal olmas\u0131 sonras\u0131 bu sabah (Pazar) tekrar g\u00fcndeme geldi. D\u00fcnya Kupas\u0131 \u00f6ncesi kiralama form\u00fcl\u00fc d\u00fc\u015f\u00fcn\u00fcld\u00fc.<\/p>\n<p> Bel\u00e7ikal\u0131 futbolcunun transferine daha evvel s\u0131cak bakmayan Domenico Tedesco, Lukaku&#8217;nun sakatl\u0131ktan d\u00f6n\u00fc\u015f s\u00fcrecinde olmas\u0131ndan \u00f6t\u00fcr\u00fc bu transferi veto etti.<\/p>\n<p> Bu d\u00f6nem ya\u015fad\u0131\u011f\u0131 uzun sakatl\u0131k sonras\u0131 yeni yeni alanlara d\u00f6nen 32 ya\u015f\u0131ndaki Lukaku, 3 ma\u00e7ta forma baht\u0131 buldu.<\/p>\n<\/div>\n","protected":false},"excerpt":{"rendered":"<p>Fenerbah\u00e7e Teknik Y\u00f6neticisi Domenico Tedesco, daha evvel de g\u00fcndeme gelen ve transferine s\u0131cak bakmad\u0131\u011f\u0131 Romelu Lukaku transferini bir sefer daha veto etti.<\/p>\n","protected":false},"author":1,"featured_media":55505,"comment_status":"open","ping_status":"open","sticky":false,"template":"","format":"standard","meta":{"footnotes":""},"categories":[25],"tags":[],"class_list":["post-55504","post","type-post","status-publish","format-standard","has-post-thumbnail","hentry","category-futbol"],"_links":{"self":[{"href":"https:\/\/haberbesiktas.tr\/index.php?rest_route=\/wp\/v2\/posts\/55504","targetHints":{"allow":["GET"]}}],"collection":[{"href":"https:\/\/haberbesiktas.tr\/index.php?rest_route=\/wp\/v2\/posts"}],"about":[{"href":"https:\/\/haberbesiktas.tr\/index.php?rest_route=\/wp\/v2\/types\/post"}],"author":[{"embeddable":true,"href":"https:\/\/haberbesiktas.tr\/index.php?rest_route=\/wp\/v2\/users\/1"}],"replies":[{"embeddable":true,"href":"https:\/\/haberbesiktas.tr\/index.php?rest_route=%2Fwp%2Fv2%2Fcomments&post=55504"}],"version-history":[{"count":1,"href":"https:\/\/haberbesiktas.tr\/index.php?rest_route=\/wp\/v2\/posts\/55504\/revisions"}],"predecessor-version":[{"id":55506,"href":"https:\/\/haberbesiktas.tr\/index.php?rest_route=\/wp\/v2\/posts\/55504\/revisions\/55506"}],"wp:featuredmedia":[{"embeddable":true,"href":"https:\/\/haberbesiktas.tr\/index.php?rest_route=\/wp\/v2\/media\/55505"}],"wp:attachment":[{"href":"https:\/\/haberbesiktas.tr\/index.php?rest_route=%2Fwp%2Fv2%2Fmedia&parent=55504"}],"wp:term":[{"taxonomy":"category","embeddable":true,"href":"https:\/\/haberbesiktas.tr\/index.php?rest_route=%2Fwp%2Fv2%2Fcategories&post=55504"},{"taxonomy":"post_tag","embeddable":true,"href":"https:\/\/haberbesiktas.tr\/index.php?rest_route=%2Fwp%2Fv2%2Ftags&post=55504"}],"curies":[{"name":"wp","href":"https:\/\/api.w.org\/{rel}","templated":true}]}}