{"id":55507,"date":"2026-02-01T18:36:08","date_gmt":"2026-02-01T18:36:08","guid":{"rendered":"https:\/\/haberbesiktas.tr\/?p=55507"},"modified":"2026-02-01T18:36:08","modified_gmt":"2026-02-01T18:36:08","slug":"besiktas-ajaxtan-gelen-transfer-teklifini-reddetti-ndidi","status":"publish","type":"post","link":"https:\/\/haberbesiktas.tr\/?p=55507","title":{"rendered":"Be\u015fikta\u015f, Ajax&#8217;tan gelen transfer teklifini reddetti: Ndidi"},"content":{"rendered":"<div>\n<p>Ara transfer devrinde tak\u0131m planlamas\u0131n\u0131 s\u00fcrd\u00fcren Be\u015fikta\u015f, Ajax&#8217;\u0131n<strong> Wilfred Ndidi<\/strong> i\u00e7in yapt\u0131\u011f\u0131 teklifi geri \u00e7evirdi.<\/p>\n<p><strong>AJAX&#8217;IN TEKL\u0130F\u0130NE RET<\/strong><\/p>\n<p> <strong><em><span>Be\u0131n Sports&#8217;un haberine nazaran,\u00a0<\/span><\/em><\/strong>Hollanda temsilcisi Ajax, Nijeryal\u0131 orta saha i\u00e7in Be\u015fikta\u015f&#8217;a 2 milyon euro kiralama bedeli ve 12 milyon euro sat\u0131n alma opsiyonu i\u00e7eren bir teklif sundu. <\/p>\n<p>Ancak siyah-beyazl\u0131 idare, bu kaideleri k\u00e2fi bulmayarak teklifi reddetti.<\/p>\n<p> <span>29 ya\u015f\u0131ndaki Nijeryal\u0131 futbolcunun Be\u015fikta\u015f ile 2028 y\u0131l\u0131na kadar mukavelesi bulunuyor.<\/span><\/p>\n<p><strong>PERFORMANSI<\/strong><\/p>\n<p>Bu d\u00f6nem Be\u015fikta\u015f formas\u0131 ile 17 ma\u00e7a \u00e7\u0131kan Ndidi, 1 gol kaydetti.<\/p>\n<\/div>\n","protected":false},"excerpt":{"rendered":"<p>Be\u015fikta\u015f, Ajax&#8217;\u0131n Wilfred Ndidi i\u00e7in sundu\u011fu 2 milyon euro kiralama ve 12 milyon euro sat\u0131n alma opsiyonlu teklifi kabul etmedi.<\/p>\n","protected":false},"author":1,"featured_media":55508,"comment_status":"open","ping_status":"open","sticky":false,"template":"","format":"standard","meta":{"footnotes":""},"categories":[25],"tags":[],"class_list":["post-55507","post","type-post","status-publish","format-standard","has-post-thumbnail","hentry","category-futbol"],"_links":{"self":[{"href":"https:\/\/haberbesiktas.tr\/index.php?rest_route=\/wp\/v2\/posts\/55507","targetHints":{"allow":["GET"]}}],"collection":[{"href":"https:\/\/haberbesiktas.tr\/index.php?rest_route=\/wp\/v2\/posts"}],"about":[{"href":"https:\/\/haberbesiktas.tr\/index.php?rest_route=\/wp\/v2\/types\/post"}],"author":[{"embeddable":true,"href":"https:\/\/haberbesiktas.tr\/index.php?rest_route=\/wp\/v2\/users\/1"}],"replies":[{"embeddable":true,"href":"https:\/\/haberbesiktas.tr\/index.php?rest_route=%2Fwp%2Fv2%2Fcomments&post=55507"}],"version-history":[{"count":1,"href":"https:\/\/haberbesiktas.tr\/index.php?rest_route=\/wp\/v2\/posts\/55507\/revisions"}],"predecessor-version":[{"id":55509,"href":"https:\/\/haberbesiktas.tr\/index.php?rest_route=\/wp\/v2\/posts\/55507\/revisions\/55509"}],"wp:featuredmedia":[{"embeddable":true,"href":"https:\/\/haberbesiktas.tr\/index.php?rest_route=\/wp\/v2\/media\/55508"}],"wp:attachment":[{"href":"https:\/\/haberbesiktas.tr\/index.php?rest_route=%2Fwp%2Fv2%2Fmedia&parent=55507"}],"wp:term":[{"taxonomy":"category","embeddable":true,"href":"https:\/\/haberbesiktas.tr\/index.php?rest_route=%2Fwp%2Fv2%2Fcategories&post=55507"},{"taxonomy":"post_tag","embeddable":true,"href":"https:\/\/haberbesiktas.tr\/index.php?rest_route=%2Fwp%2Fv2%2Ftags&post=55507"}],"curies":[{"name":"wp","href":"https:\/\/api.w.org\/{rel}","templated":true}]}}