{"id":55510,"date":"2026-02-01T18:48:05","date_gmt":"2026-02-01T18:48:05","guid":{"rendered":"https:\/\/haberbesiktas.tr\/?p=55510"},"modified":"2026-02-01T18:48:05","modified_gmt":"2026-02-01T18:48:05","slug":"fenerbahce-medicana-dicle-nur-babati-acikladi","status":"publish","type":"post","link":"https:\/\/haberbesiktas.tr\/?p=55510","title":{"rendered":"Fenerbah\u00e7e Medicana, Dicle Nur Babat&#8217;\u0131 a\u00e7\u0131klad\u0131!"},"content":{"rendered":"<p>Fenerbah\u00e7e Medicana Bayan Voleybol Grubu, deneyimli orta oyuncu Dicle Par\u0131lt\u0131 Babat&#8217;\u0131 tak\u0131m\u0131na katt\u0131.\u00a0<\/p>\n<p> Kul\u00fcb\u00fcn internet sitesinden yap\u0131lan a\u00e7\u0131klamada,<strong> &#8220;Fenerbah\u00e7e formas\u0131n\u0131 daha evvel 2014-2022 ve 2024-2025 d\u00f6nemlerinde terleten ve bu m\u00fcddet boyunca 3 T\u00fcrkiye Kupas\u0131, 2 T\u00fcrkiye Ligi ve 2 T\u00fcrkiye \u00dcst\u00fcn Kupas\u0131 \u015fampiyonlu\u011fu kazanan Dicle I\u015f\u0131k Babat&#8217;a ailemize yine g\u00fczel geldin diyor, \u00e7ubuklu forma ile sonsuz muvaffakiyetler diliyoruz.<\/strong>&#8221; denildi.<\/p>\n<p> \u00a0<img decoding=\"async\" src=\"https:\/\/haberbesiktas.tr\/wp-content\/uploads\/2026\/02\/fenerbahce-medicana-dicle-nur-babati-acikladi-0-AOir9hAd.jpeg\"\/><\/p>\n","protected":false},"excerpt":{"rendered":"<p>Fenerbah\u00e7e Medicana Bayan Voleybol Kadrosu, Dicle I\u015f\u0131k Babat&#8217;\u0131 transfer etti\u011fini a\u00e7\u0131klad\u0131.<\/p>\n","protected":false},"author":1,"featured_media":55511,"comment_status":"open","ping_status":"open","sticky":false,"template":"","format":"standard","meta":{"footnotes":""},"categories":[39],"tags":[],"class_list":["post-55510","post","type-post","status-publish","format-standard","has-post-thumbnail","hentry","category-voleybol"],"_links":{"self":[{"href":"https:\/\/haberbesiktas.tr\/index.php?rest_route=\/wp\/v2\/posts\/55510","targetHints":{"allow":["GET"]}}],"collection":[{"href":"https:\/\/haberbesiktas.tr\/index.php?rest_route=\/wp\/v2\/posts"}],"about":[{"href":"https:\/\/haberbesiktas.tr\/index.php?rest_route=\/wp\/v2\/types\/post"}],"author":[{"embeddable":true,"href":"https:\/\/haberbesiktas.tr\/index.php?rest_route=\/wp\/v2\/users\/1"}],"replies":[{"embeddable":true,"href":"https:\/\/haberbesiktas.tr\/index.php?rest_route=%2Fwp%2Fv2%2Fcomments&post=55510"}],"version-history":[{"count":1,"href":"https:\/\/haberbesiktas.tr\/index.php?rest_route=\/wp\/v2\/posts\/55510\/revisions"}],"predecessor-version":[{"id":55513,"href":"https:\/\/haberbesiktas.tr\/index.php?rest_route=\/wp\/v2\/posts\/55510\/revisions\/55513"}],"wp:featuredmedia":[{"embeddable":true,"href":"https:\/\/haberbesiktas.tr\/index.php?rest_route=\/wp\/v2\/media\/55511"}],"wp:attachment":[{"href":"https:\/\/haberbesiktas.tr\/index.php?rest_route=%2Fwp%2Fv2%2Fmedia&parent=55510"}],"wp:term":[{"taxonomy":"category","embeddable":true,"href":"https:\/\/haberbesiktas.tr\/index.php?rest_route=%2Fwp%2Fv2%2Fcategories&post=55510"},{"taxonomy":"post_tag","embeddable":true,"href":"https:\/\/haberbesiktas.tr\/index.php?rest_route=%2Fwp%2Fv2%2Ftags&post=55510"}],"curies":[{"name":"wp","href":"https:\/\/api.w.org\/{rel}","templated":true}]}}