{"id":55653,"date":"2026-02-02T03:36:05","date_gmt":"2026-02-02T03:36:05","guid":{"rendered":"https:\/\/haberbesiktas.tr\/?p=55653"},"modified":"2026-02-02T03:36:05","modified_gmt":"2026-02-02T03:36:05","slug":"noa-lang-juventusu-eleyecegimize-inaniyorum","status":"publish","type":"post","link":"https:\/\/haberbesiktas.tr\/?p=55653","title":{"rendered":"Noa Lang: &#8220;Juventus&#8217;u eleyece\u011fimize inan\u0131yorum&#8221;"},"content":{"rendered":"<div>\n<div>Galatasaray&#8217;\u0131n yeni transferi Hollandal\u0131 Noa Lang, UEFA \u015eampiyonlar Ligi son 16 play-off \u00e7e\u015fidinde e\u015fle\u015ftikleri \u0130talya temsilcisi Juventus&#8217;un g\u00fc\u00e7l\u00fc bir ekip oldu\u011funu s\u00f6yledi.<\/div>\n<div>\u00a0<\/div>\n<div>Noa Lang, Galatasaray&#8217;\u0131n Trendyol \u00dcst\u00fcn Lig&#8217;in 20. haftas\u0131nda konuk etti\u011fi Zecorner Kayserispor&#8217;u 4-0 yendi\u011fi ma\u00e7\u0131n akabinde RAMS Park&#8217;ta bas\u0131n mensuplar\u0131na a\u00e7\u0131klamalarda bulundu.<\/div>\n<div>\u00a0<\/div>\n<div>Hollandal\u0131 oyuncu, ekiple yaln\u0131zca 1 sefer idman yapt\u0131\u011f\u0131n\u0131 aktararak,\u00a0<strong>&#8220;Tak\u0131ma adapte olmaya \u00e7al\u0131\u015f\u0131yorum. Birinci ma\u00e7 i\u00e7in performans\u0131m uygundu. \u0130leride daha fit olaca\u011f\u0131m. Bile\u011fimde k\u00fc\u00e7\u00fck bir sorun var. \u0130leride daha uygununu yapaca\u011f\u0131m.&#8221;<\/strong>\u00a0diye konu\u015ftu.<\/div>\n<div>\u00a0<\/div>\n<div>Sar\u0131-k\u0131rm\u0131z\u0131l\u0131 gruba transfer s\u00fcrecine de\u011finen Lang,\u00a0<strong>&#8220;Galatasaray&#8217;a gelmeden evvel \u0130stanbul&#8217;da ya\u015fad\u0131m. Galatasaray&#8217;\u0131n ne kadar b\u00fcy\u00fck bir kul\u00fcp oldu\u011funu biliyorum. Bu t\u00fcrl\u00fc bir kul\u00fcbe gelmekten onur duyars\u0131n\u0131z. 2-3 hafta evvel direkt karar\u0131m\u0131 vermi\u015ftim. Burada oldu\u011fum i\u00e7in \u00e7ok memnunum. D\u00f6rt g\u00f6zle \u00f6n\u00fcm\u00fczdeki ma\u00e7lar\u0131 bekliyorum.&#8221;<\/strong>\u00a0ifadelerini kulland\u0131.<\/div>\n<div>\u00a0<\/div>\n<div>Kanat rotasyonunda k\u0131ymetli oyuncularla forma yar\u0131\u015f\u0131 verecek olmas\u0131yla ilgili konu\u015fan Lang,\u00a0<strong>&#8220;Yar\u0131\u015fmak uygundur. Galatasaray \u00fczere b\u00fcy\u00fck bir grupta olmas\u0131 gereken budur. \u00c7ok b\u00fcy\u00fck oyuncular\u0131m\u0131z var. Ben de o b\u00fcy\u00fck oyunculardan bir tanesi olaca\u011f\u0131m.&#8221;<\/strong>\u00a0\u015feklinde konu\u015ftu.<\/div>\n<div>\u00a0<\/div>\n<div>Lang, Galatasaray&#8217;\u0131n UEFA \u015eampiyonlar Ligi son 16 play-off cinsinde \u0130talya temsilcisi Juventus ile e\u015fle\u015fmesiyle ilgili \u015funlar\u0131 s\u00f6yledi:<\/div>\n<div>\u00a0<\/div>\n<div><strong>&#8220;Juventus, \u00e7ok g\u00fc\u00e7l\u00fc bir ekip. Napoli&#8217;de forma giyereken 2-3 ay evvel onlara kar\u015f\u0131 kazanm\u0131\u015ft\u0131m. Ge\u00e7en sene de Avrupa&#8217;da PSV&#8217;de forma giyerken, onlar\u0131 yenerek elemi\u015ftik. Umar\u0131m Galatasaray ile de onlar\u0131 eleriz. Sahan\u0131n atmosferi bug\u00fcn ho\u015ftu. Juventus&#8217;a kar\u015f\u0131 atmosfer daha g\u00fczel olacakt\u0131r.&#8221;<\/strong><\/div>\n<div>\u00a0<\/div>\n<div>Lang, kelamlar\u0131n\u0131 T\u00fcrk\u00e7e bir \u015fekilde\u00a0<strong>&#8220;Te\u015fekk\u00fcr ederim, d\u00fczg\u00fcn ak\u015famlar.&#8221;<\/strong>\u00a0diyerek bitirdi.<\/div>\n<div>\u00a0<\/div>\n<div><strong>GAL\u0130B\u0130YET &#8220;\u00dc\u00c7L\u00dc&#8221;S\u00dc LANG&#8217;DAN<\/strong><\/div>\n<div>\u00a0<\/div>\n<div>Galatasaray&#8217;da klasikle\u015fen galibiyet &#8220;\u00fc\u00e7l\u00fc&#8221;s\u00fcn\u00fc yeni transfer Noa Lang ba\u015flatt\u0131.<\/div>\n<div>\u00a0<\/div>\n<div>M\u00fcsabakan\u0131n akabinde sar\u0131-k\u0131rm\u0131z\u0131l\u0131 futbolcular, galibiyeti ultrAslan&#8217;\u0131n bulundu\u011fu kuzey kale ard\u0131ndaki taraftarlarla kutlad\u0131. Taraftar\u0131n iste\u011fiyle galibiyet &#8220;\u00fc\u00e7l\u00fc&#8221;s\u00fcn\u00fc Noa Lang yapt\u0131rd\u0131.<\/div>\n<div>\u00a0<\/div>\n<div>Noa Lang&#8217;\u0131n akabinde taraftarlar, Mauro Icardi&#8217;den de &#8220;\u00fc\u00e7l\u00fc&#8221; \u00e7ektirmesini istedi. Oyuncular\u0131n soyunma odas\u0131na gitmesinin akabinde taraftarlar Victor Osimhen&#8217;in ismini ba\u011f\u0131rd\u0131. Bunun akabinde alana d\u00f6nen Osimhen de &#8220;\u00fc\u00e7l\u00fc&#8221; tezah\u00fcrat\u0131 yapt\u0131rd\u0131.<\/div>\n<\/p><\/div>\n","protected":false},"excerpt":{"rendered":"<p>Galatasaray&#8217;\u0131n yeni transferi Noa Lang, Juventus e\u015fle\u015fmesini k\u0131ymetlendirerek \u0130talyan tak\u0131m\u0131n\u0131n g\u00fcc\u00fcne dikkat \u00e7ekerken, sar\u0131-k\u0131rm\u0131z\u0131l\u0131 formayla da tipi ge\u00e7eceklerine inand\u0131\u011f\u0131n\u0131 tabir etti.<\/p>\n","protected":false},"author":1,"featured_media":55654,"comment_status":"open","ping_status":"open","sticky":false,"template":"","format":"standard","meta":{"footnotes":""},"categories":[25],"tags":[129,3859,3814,52,2018],"class_list":["post-55653","post","type-post","status-publish","format-standard","has-post-thumbnail","hentry","category-futbol","tag-galatasaray","tag-lang","tag-noa-lang","tag-takim","tag-uclu"],"_links":{"self":[{"href":"https:\/\/haberbesiktas.tr\/index.php?rest_route=\/wp\/v2\/posts\/55653","targetHints":{"allow":["GET"]}}],"collection":[{"href":"https:\/\/haberbesiktas.tr\/index.php?rest_route=\/wp\/v2\/posts"}],"about":[{"href":"https:\/\/haberbesiktas.tr\/index.php?rest_route=\/wp\/v2\/types\/post"}],"author":[{"embeddable":true,"href":"https:\/\/haberbesiktas.tr\/index.php?rest_route=\/wp\/v2\/users\/1"}],"replies":[{"embeddable":true,"href":"https:\/\/haberbesiktas.tr\/index.php?rest_route=%2Fwp%2Fv2%2Fcomments&post=55653"}],"version-history":[{"count":1,"href":"https:\/\/haberbesiktas.tr\/index.php?rest_route=\/wp\/v2\/posts\/55653\/revisions"}],"predecessor-version":[{"id":55655,"href":"https:\/\/haberbesiktas.tr\/index.php?rest_route=\/wp\/v2\/posts\/55653\/revisions\/55655"}],"wp:featuredmedia":[{"embeddable":true,"href":"https:\/\/haberbesiktas.tr\/index.php?rest_route=\/wp\/v2\/media\/55654"}],"wp:attachment":[{"href":"https:\/\/haberbesiktas.tr\/index.php?rest_route=%2Fwp%2Fv2%2Fmedia&parent=55653"}],"wp:term":[{"taxonomy":"category","embeddable":true,"href":"https:\/\/haberbesiktas.tr\/index.php?rest_route=%2Fwp%2Fv2%2Fcategories&post=55653"},{"taxonomy":"post_tag","embeddable":true,"href":"https:\/\/haberbesiktas.tr\/index.php?rest_route=%2Fwp%2Fv2%2Ftags&post=55653"}],"curies":[{"name":"wp","href":"https:\/\/api.w.org\/{rel}","templated":true}]}}