{"id":55674,"date":"2026-02-02T05:00:04","date_gmt":"2026-02-02T05:00:04","guid":{"rendered":"https:\/\/haberbesiktas.tr\/?p=55674"},"modified":"2026-02-02T05:00:04","modified_gmt":"2026-02-02T05:00:04","slug":"spalletti-icardiyi-istemiyorum-anlasildi-mi","status":"publish","type":"post","link":"https:\/\/haberbesiktas.tr\/?p=55674","title":{"rendered":"Spalletti: &#8220;Icardi&#8217;yi istemiyorum, anla\u015f\u0131ld\u0131 m\u0131?&#8221;"},"content":{"rendered":"<div>Juventus Teknik Y\u00f6neticisi Luciano Spalletti, Galatasaray&#8217;dan Mauro Icardi&#8217;yi istediklerine dair haberleri yalanlad\u0131 ve onu Inter&#8217;deyken neden g\u00f6nderdi\u011fini anlatt\u0131.<\/p>\n<p> &#8220;Bas\u0131n toplant\u0131s\u0131nda Icardi ve Osimhen hakk\u0131nda sorular soruluyor, bu y\u00fczden Icardi&#8217;yi yaln\u0131zca benim ekibimde oynad\u0131\u011f\u0131 devirdeki performans\u0131yla \u00f6vebilirim.&#8221; diyen Spalletti, &#8220;Soyunma odas\u0131na, \u00f6zel hayat\u0131yla ilgili, soyunma odas\u0131na ili\u015fkin olmayan di\u011fer durumlar da ta\u015f\u0131d\u0131. Bu y\u00fczden onunla konu\u015fmak zorunda kald\u0131m. Soyunma odas\u0131ndayken, di\u011fer problemleri i\u00e7eri almak i\u00e7in kap\u0131y\u0131 a\u00e7\u0131k tutamazs\u0131n\u0131z.&#8221; dedi.<\/p>\n<p> <span><strong>&#8220;ICARDI&#8217;Y\u0130 \u0130STEM\u0130YORUZ&#8221;<\/strong><\/span> <\/p>\n<p> Spalletti, O vakit bir karar vermem gerekti ve onu ekipten \u00e7\u0131karmaya karar verdim, o da buna reaksiyon g\u00f6sterdi. O d\u00fczg\u00fcn bir \u00e7ocuk, sempatik bir insan ve ola\u011fan\u00fcst\u00fc bir forvet. Lakin biz Icardi&#8217;yi istemiyoruz. Anla\u015f\u0131ld\u0131 m\u0131?&#8221; tabirlerini kulland\u0131.<\/p>\n<p> <span><strong>&#8220;BULAMAZSAK, OLDU\u011eUMUZ \u00dcZERE KALIRIZ&#8221;<\/strong><\/span><\/p>\n<p> \u0130talyan teknik adam, &#8220;Birini \u00f6vg\u00fcyle bahsedersem, onu transfer etmek istedi\u011fim man\u015fetlere ta\u015f\u0131n\u0131r, ancak bu ger\u00e7ek de\u011fil. Belli \u00f6zelliklere sahip bir oyuncu ar\u0131yoruz, bulamazsak, oldu\u011fumuz \u00fczere kal\u0131r\u0131z.&#8221; kelamlar\u0131yla konu\u015fmas\u0131n\u0131 noktalad\u0131.<\/p>\n<p> <span><strong>2019&#8217;DA INTER&#8217;DEN G\u00d6NDER\u0130LD\u0130<\/strong><\/span><\/p>\n<p> Mauco Icardi, 2019 y\u0131l\u0131nda kaptan\u0131 oldu\u011fu Inter&#8217;den, ya\u015fad\u0131\u011f\u0131 s\u0131k\u0131nt\u0131lar nedeniyle PSG&#8217;ye kiral\u0131k olarak g\u00f6nderilmi\u015fti. Bu karar\u0131n gerisinde grup arkada\u015flar\u0131yla ya\u015fad\u0131\u011f\u0131 problemler ve Spalletti&#8217;nin g\u00f6r\u00fc\u015f\u00fcn\u00fcn yer ald\u0131\u011f\u0131 bas\u0131na yans\u0131m\u0131\u015ft\u0131.<\/p>\n<\/div>\n","protected":false},"excerpt":{"rendered":"<p>Juventus Teknik Y\u00f6neticisi Luciano Spalletti, Mauro Icardi ile ge\u00e7mi\u015fte ya\u015fad\u0131\u011f\u0131 meseleleri ve bug\u00fcn neden istemedi\u011fini anlatt\u0131.<\/p>\n","protected":false},"author":1,"featured_media":55675,"comment_status":"open","ping_status":"open","sticky":false,"template":"","format":"standard","meta":{"footnotes":""},"categories":[25],"tags":[768],"class_list":["post-55674","post","type-post","status-publish","format-standard","has-post-thumbnail","hentry","category-futbol","tag-icardi"],"_links":{"self":[{"href":"https:\/\/haberbesiktas.tr\/index.php?rest_route=\/wp\/v2\/posts\/55674","targetHints":{"allow":["GET"]}}],"collection":[{"href":"https:\/\/haberbesiktas.tr\/index.php?rest_route=\/wp\/v2\/posts"}],"about":[{"href":"https:\/\/haberbesiktas.tr\/index.php?rest_route=\/wp\/v2\/types\/post"}],"author":[{"embeddable":true,"href":"https:\/\/haberbesiktas.tr\/index.php?rest_route=\/wp\/v2\/users\/1"}],"replies":[{"embeddable":true,"href":"https:\/\/haberbesiktas.tr\/index.php?rest_route=%2Fwp%2Fv2%2Fcomments&post=55674"}],"version-history":[{"count":1,"href":"https:\/\/haberbesiktas.tr\/index.php?rest_route=\/wp\/v2\/posts\/55674\/revisions"}],"predecessor-version":[{"id":55676,"href":"https:\/\/haberbesiktas.tr\/index.php?rest_route=\/wp\/v2\/posts\/55674\/revisions\/55676"}],"wp:featuredmedia":[{"embeddable":true,"href":"https:\/\/haberbesiktas.tr\/index.php?rest_route=\/wp\/v2\/media\/55675"}],"wp:attachment":[{"href":"https:\/\/haberbesiktas.tr\/index.php?rest_route=%2Fwp%2Fv2%2Fmedia&parent=55674"}],"wp:term":[{"taxonomy":"category","embeddable":true,"href":"https:\/\/haberbesiktas.tr\/index.php?rest_route=%2Fwp%2Fv2%2Fcategories&post=55674"},{"taxonomy":"post_tag","embeddable":true,"href":"https:\/\/haberbesiktas.tr\/index.php?rest_route=%2Fwp%2Fv2%2Ftags&post=55674"}],"curies":[{"name":"wp","href":"https:\/\/api.w.org\/{rel}","templated":true}]}}